{"id":38081,"date":"2015-06-30T19:15:11","date_gmt":"2015-06-30T16:15:11","guid":{"rendered":"http:\/\/www.tucomarca.com\/wordpress\/segunda\/?p=38081"},"modified":"2015-06-30T19:15:11","modified_gmt":"2015-06-30T16:15:11","slug":"requena-utiel-tendra-una-produccion-de-cereales-un-50-por-ciento-inferior-a-lo-normal","status":"publish","type":"post","link":"https:\/\/www.tucomarca.com\/wordpress\/segunda\/requena-utiel-tendra-una-produccion-de-cereales-un-50-por-ciento-inferior-a-lo-normal\/","title":{"rendered":"Requena-Utiel tendr\u00e1 una producci\u00f3n de cereales un 50 por ciento inferior a lo normal"},"content":{"rendered":"<p>La comarca Requena-Utiel tendr\u00e1, por segundo a\u00f1o consecutivo, otra corta cosecha de cereales, tal como confirman los resultados obtenidos en la recolecci\u00f3n que se est\u00e1 llevando a cabo. Sobre esta cuesti\u00f3n, Jos\u00e9 Ram\u00f3n Beltr\u00e1n, secretario comarcal de la Uni\u00f3 de Llauradors concret\u00f3 que \u201cse est\u00e1n obteniendo entre 1.000 y 1.500 kilogramos de gano por hect\u00e1rea cuando la media normal es de unos 2.500 kilos\u201d.<br \/>\nSeg\u00fan comentan los agricultores cerealistas \u201chasta finales de marzo los sembrados presentaban buen aspecto; pero entre el 24 de marzo y el 17 de mayo, no se registraron lluvias importantes y los trigos, cebadas y avenas frenaron su desarrollo\u201d. Informa Luis Ib\u00e1\u00f1ez.<\/p>\n","protected":false},"excerpt":{"rendered":"<div class=\"mh-excerpt\">La comarca Requena-Utiel tendr\u00e1, por segundo a\u00f1o consecutivo, otra corta cosecha de cereales, tal como confirman los resultados obtenidos en la recolecci\u00f3n que se est\u00e1 llevando a cabo. Sobre esta cuesti\u00f3n, Jos\u00e9 Ram\u00f3n Beltr\u00e1n, secretario <a class=\"mh-excerpt-more\" href=\"https:\/\/www.tucomarca.com\/wordpress\/segunda\/requena-utiel-tendra-una-produccion-de-cereales-un-50-por-ciento-inferior-a-lo-normal\/\" title=\"Requena-Utiel tendr\u00e1 una producci\u00f3n de cereales un 50 por ciento inferior a lo normal\">[+] <\/a><\/div>\n","protected":false},"author":2,"featured_media":0,"comment_status":"open","ping_status":"open","sticky":false,"template":"","format":"standard","meta":{"footnotes":""},"categories":[169,8,28,27,3],"tags":[8177,802,5026,3210,5022,10387],"class_list":{"0":"post-38081","1":"post","2":"type-post","3":"status-publish","4":"format-standard","6":"category-agricultura-la-comarca","7":"category-la-comarca","8":"category-requena","9":"category-requena-utiel","10":"category-seccion","11":"tag-50-menos","12":"tag-campana","13":"tag-cereales","14":"tag-corta","15":"tag-produccion","16":"tag-requena-utiel"},"_links":{"self":[{"href":"https:\/\/www.tucomarca.com\/wordpress\/segunda\/wp-json\/wp\/v2\/posts\/38081","targetHints":{"allow":["GET"]}}],"collection":[{"href":"https:\/\/www.tucomarca.com\/wordpress\/segunda\/wp-json\/wp\/v2\/posts"}],"about":[{"href":"https:\/\/www.tucomarca.com\/wordpress\/segunda\/wp-json\/wp\/v2\/types\/post"}],"author":[{"embeddable":true,"href":"https:\/\/www.tucomarca.com\/wordpress\/segunda\/wp-json\/wp\/v2\/users\/2"}],"replies":[{"embeddable":true,"href":"https:\/\/www.tucomarca.com\/wordpress\/segunda\/wp-json\/wp\/v2\/comments?post=38081"}],"version-history":[{"count":0,"href":"https:\/\/www.tucomarca.com\/wordpress\/segunda\/wp-json\/wp\/v2\/posts\/38081\/revisions"}],"wp:attachment":[{"href":"https:\/\/www.tucomarca.com\/wordpress\/segunda\/wp-json\/wp\/v2\/media?parent=38081"}],"wp:term":[{"taxonomy":"category","embeddable":true,"href":"https:\/\/www.tucomarca.com\/wordpress\/segunda\/wp-json\/wp\/v2\/categories?post=38081"},{"taxonomy":"post_tag","embeddable":true,"href":"https:\/\/www.tucomarca.com\/wordpress\/segunda\/wp-json\/wp\/v2\/tags?post=38081"}],"curies":[{"name":"wp","href":"https:\/\/api.w.org\/{rel}","templated":true}]}}