{"id":38085,"date":"2015-06-30T19:21:33","date_gmt":"2015-06-30T16:21:33","guid":{"rendered":"http:\/\/www.tucomarca.com\/wordpress\/segunda\/?p=38085"},"modified":"2015-06-30T19:21:37","modified_gmt":"2015-06-30T16:21:37","slug":"el-hospital-de-manises-acoge-una-exposicion-a-favor-de-la-integracion-de-la-discapacidad","status":"publish","type":"post","link":"https:\/\/www.tucomarca.com\/wordpress\/segunda\/el-hospital-de-manises-acoge-una-exposicion-a-favor-de-la-integracion-de-la-discapacidad\/","title":{"rendered":"El Hospital de Manises acoge una exposici\u00f3n a favor de la integraci\u00f3n de la discapacidad"},"content":{"rendered":"<p>El Hospital de Manises acoger\u00e1 hasta el pr\u00f3ximo 29 de julio la exposici\u00f3n \u201cSentir y Pintar\u201d de la Asociaci\u00f3n Pro Discapacitados de L&#8217;Horta, Aprodis. Se trata de una colecci\u00f3n de 25 obras elaboradas por alumnos con discapacidad de esta asociaci\u00f3n que, a trav\u00e9s del arte, han plasmado sus ilusiones y su voluntad de integraci\u00f3n. \u201cDetr\u00e1s de cada uno de estos lienzos hay una historia de superaci\u00f3n personal, por ello desde el Hospital de Manises hemos querido reconocer la importante labor de iniciativas como esta, contribuyendo a dar visibilidad a este importante proyecto\u201d ha asegurado el doctor Vicente Gil Suay, gerente del centro hospitalario.<\/p>\n<p><a href=\"https:\/\/www.tucomarca.com\/wordpress\/segunda\/2015\/06\/el-hospital-de-manises-acoge-una-exposicion-a-favor-de-la-integracion-de-la-discapacidad\/aprodis1\/\" rel=\"attachment wp-att-38086\"><img loading=\"lazy\" decoding=\"async\" src=\"https:\/\/www.tucomarca.com\/wordpress\/segunda\/wp-content\/uploads\/2015\/06\/Aprodis1-300x199.jpg\" alt=\"\" title=\"Aprodis1\" width=\"300\" height=\"199\" class=\"alignleft size-medium wp-image-38086\" srcset=\"https:\/\/www.tucomarca.com\/wordpress\/segunda\/wp-content\/uploads\/2015\/06\/Aprodis1-300x199.jpg 300w, https:\/\/www.tucomarca.com\/wordpress\/segunda\/wp-content\/uploads\/2015\/06\/Aprodis1.jpg 1024w\" sizes=\"auto, (max-width: 300px) 100vw, 300px\" \/><\/a>La muestra se ha inaugurado hoy en el hall de exposiciones del hospital con la participaci\u00f3n de los propios artistas y sus familiares, as\u00ed como miembros de la ONG, y del equipo directivo de Manises. Adem\u00e1s de difundir la labor social de Aprodis, la muestra que se expone en Manises tambi\u00e9n pone a la venta alguna de las obras expuestas con el objetivo de recaudar fondos para mantener activos los talleres art\u00edsticos de la asociaci\u00f3n.<\/p>\n<p>Lograr la integraci\u00f3n a trav\u00e9s del arte<\/p>\n<p>El arte es un medio para conseguir la integraci\u00f3n social y normalizaci\u00f3n de las personas con distintas capacidades, favoreciendo el desarrollo de habilidades. Por ello los talleres como \u201cSentir y Pintar\u201d que acoge el Hospital de Manises potencian la inclusi\u00f3n de las personas con discapacidad en la sociedad, consiguiendo una mayor normalizaci\u00f3n en la vida cotidiana. Esta actividad permite desarrollar la imaginaci\u00f3n y la autonom\u00eda y, por consiguiente, la mejora de la calidad de vida. Adem\u00e1s, la exposici\u00f3n final de las obras refuerza la autoestima y la autorrealizaci\u00f3n de los artistas.<\/p>\n<p>El hall de exposiciones del Hospital de Manises es un espacio para dar visibilidad a las distintas iniciativas art\u00edsticas y culturales de los ciudadanos del \u00e1rea de salud. \u201cEs un espacio de expresi\u00f3n colectivo, cedido para que todos nuestros usuarios puedan mostrar la idiosincrasia de sus localidades o poner el acento en las distintas necesidades sociales\u201d, ha resaltado el gerente de Manises durante la presentaci\u00f3n.<\/p>\n","protected":false},"excerpt":{"rendered":"<div class=\"mh-excerpt\">El Hospital de Manises acoger\u00e1 hasta el pr\u00f3ximo 29 de julio la exposici\u00f3n \u201cSentir y Pintar\u201d de la Asociaci\u00f3n Pro Discapacitados de L&#8217;Horta, Aprodis. Se trata de una colecci\u00f3n de 25 obras elaboradas por alumnos <a class=\"mh-excerpt-more\" href=\"https:\/\/www.tucomarca.com\/wordpress\/segunda\/el-hospital-de-manises-acoge-una-exposicion-a-favor-de-la-integracion-de-la-discapacidad\/\" title=\"El Hospital de Manises acoge una exposici\u00f3n a favor de la integraci\u00f3n de la discapacidad\">[+] <\/a><\/div>\n","protected":false},"author":2,"featured_media":38086,"comment_status":"open","ping_status":"open","sticky":false,"template":"","format":"standard","meta":{"footnotes":""},"categories":[119,8,10,3,45],"tags":[4783,833,443,136,1939,4941],"class_list":{"0":"post-38085","1":"post","2":"type-post","3":"status-publish","4":"format-standard","5":"has-post-thumbnail","7":"category-sanidad-la-comarca","8":"category-la-comarca","9":"category-la-hoya","10":"category-seccion","11":"category-ventana","12":"tag-a-favor","13":"tag-discapacidad","14":"tag-exposicion","15":"tag-hospital-de-manises","16":"tag-integracion","17":"tag-personas"},"_links":{"self":[{"href":"https:\/\/www.tucomarca.com\/wordpress\/segunda\/wp-json\/wp\/v2\/posts\/38085","targetHints":{"allow":["GET"]}}],"collection":[{"href":"https:\/\/www.tucomarca.com\/wordpress\/segunda\/wp-json\/wp\/v2\/posts"}],"about":[{"href":"https:\/\/www.tucomarca.com\/wordpress\/segunda\/wp-json\/wp\/v2\/types\/post"}],"author":[{"embeddable":true,"href":"https:\/\/www.tucomarca.com\/wordpress\/segunda\/wp-json\/wp\/v2\/users\/2"}],"replies":[{"embeddable":true,"href":"https:\/\/www.tucomarca.com\/wordpress\/segunda\/wp-json\/wp\/v2\/comments?post=38085"}],"version-history":[{"count":0,"href":"https:\/\/www.tucomarca.com\/wordpress\/segunda\/wp-json\/wp\/v2\/posts\/38085\/revisions"}],"wp:featuredmedia":[{"embeddable":true,"href":"https:\/\/www.tucomarca.com\/wordpress\/segunda\/wp-json\/wp\/v2\/media\/38086"}],"wp:attachment":[{"href":"https:\/\/www.tucomarca.com\/wordpress\/segunda\/wp-json\/wp\/v2\/media?parent=38085"}],"wp:term":[{"taxonomy":"category","embeddable":true,"href":"https:\/\/www.tucomarca.com\/wordpress\/segunda\/wp-json\/wp\/v2\/categories?post=38085"},{"taxonomy":"post_tag","embeddable":true,"href":"https:\/\/www.tucomarca.com\/wordpress\/segunda\/wp-json\/wp\/v2\/tags?post=38085"}],"curies":[{"name":"wp","href":"https:\/\/api.w.org\/{rel}","templated":true}]}}