{"id":38096,"date":"2015-07-01T19:08:20","date_gmt":"2015-07-01T16:08:20","guid":{"rendered":"http:\/\/www.tucomarca.com\/wordpress\/segunda\/?p=38096"},"modified":"2015-07-01T19:08:24","modified_gmt":"2015-07-01T16:08:24","slug":"el-tramo-de-pedralba-a-la-rambla-castellana-por-la-cv%e2%80%93380-se-corta-por-ampliacion-de-la-calzada","status":"publish","type":"post","link":"https:\/\/www.tucomarca.com\/wordpress\/segunda\/el-tramo-de-pedralba-a-la-rambla-castellana-por-la-cv%e2%80%93380-se-corta-por-ampliacion-de-la-calzada\/","title":{"rendered":"El tramo de Pedralba a la Rambla Castellana por la CV\u2013380 se corta por ampliaci\u00f3n de la calzada"},"content":{"rendered":"<p><a href=\"https:\/\/www.tucomarca.com\/wordpress\/segunda\/2015\/07\/el-tramo-de-pedralba-a-la-rambla-castellana-por-la-cv%e2%80%93380-se-corta-por-ampliacion-de-la-calzada\/corte-cv-380\/\" rel=\"attachment wp-att-38097\"><img loading=\"lazy\" decoding=\"async\" src=\"https:\/\/www.tucomarca.com\/wordpress\/segunda\/wp-content\/uploads\/2015\/07\/Corte-CV-380-300x200.jpg\" alt=\"\" title=\"Corte CV-380\" width=\"300\" height=\"200\" class=\"alignleft size-medium wp-image-38097\" srcset=\"https:\/\/www.tucomarca.com\/wordpress\/segunda\/wp-content\/uploads\/2015\/07\/Corte-CV-380-300x200.jpg 300w, https:\/\/www.tucomarca.com\/wordpress\/segunda\/wp-content\/uploads\/2015\/07\/Corte-CV-380-1024x685.jpg 1024w, https:\/\/www.tucomarca.com\/wordpress\/segunda\/wp-content\/uploads\/2015\/07\/Corte-CV-380.jpg 1364w\" sizes=\"auto, (max-width: 300px) 100vw, 300px\" \/><\/a>El tramo de la CV\u2013380 comprendido entre Pedralba y la Rambla Castellana y que discurre tambi\u00e9n por el t\u00e9rmino municipal de Ll\u00edria se ha cortado al tr\u00e1fico por obras de acondicionamiento de la carretera.<\/p>\n<p> La restricci\u00f3n de veh\u00edculos, que se inicia en la intersecci\u00f3n con la carretera CV-376 (en el punto kilom\u00e9trico 13+500) y finaliza en el puente sobre la Rambla Castellana (punto kilom\u00e9trico 19+500), se prolongar\u00e1 previsiblemente hasta el 31 de agosto y afectar\u00e1 a 5.657 metros de carretera.<\/p>\n<p>La Diputaci\u00f3n de Valencia, a trav\u00e9s del \u00c1rea de Carreteras, ha invertido un total de 5.475.385 euros en ampliar la plataforma de la v\u00eda a 11 metros. La calzada, de doble sentido de circulaci\u00f3n, tendr\u00e1 una anchura de 7  metros con arcenes laterales de 1,50 y bermas exteriores de 0,50.Adem\u00e1s se mejorar\u00e1n tambi\u00e9n las caracter\u00edsticas geom\u00e9tricas del trazado y se renovar\u00e1 el firme.<\/p>\n<p>El nuevo vial est\u00e1 proyectado para cumplir con los par\u00e1metros m\u00ednimos establecidos por la normativa vigente para una velocidad espec\u00edfica de 60 Kil\u00f3metros<\/p>\n<p>A lo largo del nuevo trazado se han previsto cuatro intersecciones, una con tipolog\u00eda de rotonda partida y las otras tres tipo T, para ordenar la conexi\u00f3n de la carretera con los caminos existentes m\u00e1s importantes.<\/p>\n<p>La actuaci\u00f3n incluye tambi\u00e9n la ejecuci\u00f3n de dos nuevos puentes sobre los barrancos de Jijona y La Salada para sustituir las estructuras actuales.<\/p>\n","protected":false},"excerpt":{"rendered":"<div class=\"mh-excerpt\">El tramo de la CV\u2013380 comprendido entre Pedralba y la Rambla Castellana y que discurre tambi\u00e9n por el t\u00e9rmino municipal de Ll\u00edria se ha cortado al tr\u00e1fico por obras de acondicionamiento de la carretera. La <a class=\"mh-excerpt-more\" href=\"https:\/\/www.tucomarca.com\/wordpress\/segunda\/el-tramo-de-pedralba-a-la-rambla-castellana-por-la-cv%e2%80%93380-se-corta-por-ampliacion-de-la-calzada\/\" title=\"El tramo de Pedralba a la Rambla Castellana por la CV\u2013380 se corta por ampliaci\u00f3n de la calzada\">[+] <\/a><\/div>\n","protected":false},"author":2,"featured_media":38097,"comment_status":"open","ping_status":"open","sticky":false,"template":"","format":"standard","meta":{"footnotes":""},"categories":[46,128,8,3,45],"tags":[8146,1215,8182,8183,765,10448],"class_list":{"0":"post-38096","1":"post","2":"type-post","3":"status-publish","4":"format-standard","5":"has-post-thumbnail","7":"category-camp-de-turia","8":"category-infraestructuras","9":"category-la-comarca","10":"category-seccion","11":"category-ventana","12":"tag-calzada","13":"tag-carretera","14":"tag-cortada","15":"tag-cv-380","16":"tag-obras","17":"tag-pedralba"},"_links":{"self":[{"href":"https:\/\/www.tucomarca.com\/wordpress\/segunda\/wp-json\/wp\/v2\/posts\/38096","targetHints":{"allow":["GET"]}}],"collection":[{"href":"https:\/\/www.tucomarca.com\/wordpress\/segunda\/wp-json\/wp\/v2\/posts"}],"about":[{"href":"https:\/\/www.tucomarca.com\/wordpress\/segunda\/wp-json\/wp\/v2\/types\/post"}],"author":[{"embeddable":true,"href":"https:\/\/www.tucomarca.com\/wordpress\/segunda\/wp-json\/wp\/v2\/users\/2"}],"replies":[{"embeddable":true,"href":"https:\/\/www.tucomarca.com\/wordpress\/segunda\/wp-json\/wp\/v2\/comments?post=38096"}],"version-history":[{"count":0,"href":"https:\/\/www.tucomarca.com\/wordpress\/segunda\/wp-json\/wp\/v2\/posts\/38096\/revisions"}],"wp:featuredmedia":[{"embeddable":true,"href":"https:\/\/www.tucomarca.com\/wordpress\/segunda\/wp-json\/wp\/v2\/media\/38097"}],"wp:attachment":[{"href":"https:\/\/www.tucomarca.com\/wordpress\/segunda\/wp-json\/wp\/v2\/media?parent=38096"}],"wp:term":[{"taxonomy":"category","embeddable":true,"href":"https:\/\/www.tucomarca.com\/wordpress\/segunda\/wp-json\/wp\/v2\/categories?post=38096"},{"taxonomy":"post_tag","embeddable":true,"href":"https:\/\/www.tucomarca.com\/wordpress\/segunda\/wp-json\/wp\/v2\/tags?post=38096"}],"curies":[{"name":"wp","href":"https:\/\/api.w.org\/{rel}","templated":true}]}}