{"id":38180,"date":"2015-07-02T17:57:31","date_gmt":"2015-07-02T14:57:31","guid":{"rendered":"http:\/\/www.tucomarca.com\/wordpress\/segunda\/?p=38180"},"modified":"2015-07-02T17:57:31","modified_gmt":"2015-07-02T14:57:31","slug":"comienza-el-cine-de-verano-en-requena","status":"publish","type":"post","link":"https:\/\/www.tucomarca.com\/wordpress\/segunda\/comienza-el-cine-de-verano-en-requena\/","title":{"rendered":"Comienza el cine de verano en Requena"},"content":{"rendered":"<p>Este jueves comienza la programaci\u00f3n del cine de verano en el Patio de Armas del Castillo de Requena. A partir de esta noche, 2 de julio, y hasta el 13 de agosto se proyectar\u00e1n algunos de los estrenos m\u00e1s recientes de cartelera. <\/p>\n<p>Las sesiones comenzar\u00e1n a las 22:45 horas y la entrada tendr\u00e1 un precio de 5 euros. <\/p>\n<p>En total se exhibir\u00e1n 7 t\u00edtulos entre los que destacan la taquillera producci\u00f3n espa\u00f1ola Ahora o nunca, protagonizada por Dani Rovira, la exitosa Jurassic World, las pel\u00edculas animadas Los Minions y Del rev\u00e9s (Inside out) o la adaptaci\u00f3n del m\u00edtico videojuego \u201ccomecocos\u201d Pixels.<br \/>\nComo novedad, este a\u00f1o se utilizar\u00e1 una nueva pantalla hinchable.<br \/>\nAhora o nunca. Jueves 2 julio 2015, 22.45h<br \/>\nEva y Alex son una pareja que, tras a\u00f1os de noviazgo, decide casarse en el lugar en el que se enamoraron: un peque\u00f1o pueblecito de la campi\u00f1a inglesa. Los problemas de la boda comienzan cuando una huelga de controladores a\u00e9reos impide que el novio y los invitados se re\u00fanan con la novia y su s\u00e9quito.<br \/>\n Jurassic World<br \/>\nVeintid\u00f3s a\u00f1os despu\u00e9s de lo ocurrido en Jurassic Park, la isla Nublar ha sido transformada en un parque tem\u00e1tico, Jurassic Wold, con versiones \u00abdomesticadas\u00bb de algunos de los dinosaurios m\u00e1s conocidos. Cuando todo parece ir a la perfecci\u00f3n y ser el negocio del siglo, un nuevo dinosaurio de especie todav\u00eda desconocida y que es mucho m\u00e1s inteligente de lo que se pensaba, comienza a causar estragos entre los visitantes del Parque.<br \/>\nLos Minions<br \/>\nLos Minions empezaron siendo organismos amarillos unicelulares que evolucionaron a trav\u00e9s del tiempo, poni\u00e9ndose siempre al servicio de los amos m\u00e1s despreciables. Ante su incapacidad para mantener a esos amos, los Minions acaban encontr\u00e1ndose solos y caen en una profunda depresi\u00f3n. Sin embargo, uno de ellos, llamado Kevin, tiene un plan. Acompa\u00f1ado por el rebelde Stuart y el adorable Bob, emprende un emocionante viaje para conseguir una jefa a quien servir, la terrible Scarlet Overkill. Pasar\u00e1n de la helada Ant\u00e1rtida, a la ciudad de Nueva York en los a\u00f1os sesenta, para acabar en el Londres de la misma \u00e9poca, donde deber\u00e1n enfrentarse al mayor reto hasta la fecha: salvar a la raza Minion de la aniquilaci\u00f3n.<br \/>\nDel rev\u00e9s (Inside out)<br \/>\nHacerse mayor puede ser un camino lleno de obst\u00e1culos. Tambi\u00e9n para Riley, que debe dejar su vida en el Medio Oeste cuando su padre consigue un nuevo trabajo en San Francisco. Como todos nosotros, Riley es guiada por sus emociones: Alegr\u00eda, Miedo, Ira, Asco y Tristeza. Las emociones viven en Cuarteles Generales, el centro de control dentro de la cabeza de Riley, desde donde la ayudan y aconsejan a lo largo de su d\u00eda a d\u00eda. Riley y sus emociones intentar\u00e1n adaptarse a su nueva vida en San Francisco, pero el caos se instalar\u00e1 en los Cuarteles Generales.<br \/>\nPixels<br \/>\n&#8216;Pixels&#8217; cuenta como unos extraterrestres malinterpretan las im\u00e1genes de las m\u00e1quinas recreativas como una declaraci\u00f3n de guerra y deciden atacar la tierra, empleando dichos juegos como modelos para el asalto. El presidente de EEUU recurre entonces a su gran amigo de la infancia y campe\u00f3n de las maquinitas de los a\u00f1os 80, Sam Brenner (Adam Sandler) para encabezar un equipo de expertos jugadores de su \u00e9poca cuya misi\u00f3n ser\u00e1 derrotar a los extraterrestres y salvar al planeta.<\/p>\n","protected":false},"excerpt":{"rendered":"<div class=\"mh-excerpt\">Este jueves comienza la programaci\u00f3n del cine de verano en el Patio de Armas del Castillo de Requena. A partir de esta noche, 2 de julio, y hasta el 13 de agosto se proyectar\u00e1n algunos <a class=\"mh-excerpt-more\" href=\"https:\/\/www.tucomarca.com\/wordpress\/segunda\/comienza-el-cine-de-verano-en-requena\/\" title=\"Comienza el cine de verano en Requena\">[+] <\/a><\/div>\n","protected":false},"author":2,"featured_media":0,"comment_status":"open","ping_status":"open","sticky":false,"template":"","format":"standard","meta":{"footnotes":""},"categories":[4,3],"tags":[8216,1330,10388],"class_list":{"0":"post-38180","1":"post","2":"type-post","3":"status-publish","4":"format-standard","6":"category-agenda","7":"category-seccion","8":"tag-cine-de-verano","9":"tag-inicio","10":"tag-requena"},"_links":{"self":[{"href":"https:\/\/www.tucomarca.com\/wordpress\/segunda\/wp-json\/wp\/v2\/posts\/38180","targetHints":{"allow":["GET"]}}],"collection":[{"href":"https:\/\/www.tucomarca.com\/wordpress\/segunda\/wp-json\/wp\/v2\/posts"}],"about":[{"href":"https:\/\/www.tucomarca.com\/wordpress\/segunda\/wp-json\/wp\/v2\/types\/post"}],"author":[{"embeddable":true,"href":"https:\/\/www.tucomarca.com\/wordpress\/segunda\/wp-json\/wp\/v2\/users\/2"}],"replies":[{"embeddable":true,"href":"https:\/\/www.tucomarca.com\/wordpress\/segunda\/wp-json\/wp\/v2\/comments?post=38180"}],"version-history":[{"count":0,"href":"https:\/\/www.tucomarca.com\/wordpress\/segunda\/wp-json\/wp\/v2\/posts\/38180\/revisions"}],"wp:attachment":[{"href":"https:\/\/www.tucomarca.com\/wordpress\/segunda\/wp-json\/wp\/v2\/media?parent=38180"}],"wp:term":[{"taxonomy":"category","embeddable":true,"href":"https:\/\/www.tucomarca.com\/wordpress\/segunda\/wp-json\/wp\/v2\/categories?post=38180"},{"taxonomy":"post_tag","embeddable":true,"href":"https:\/\/www.tucomarca.com\/wordpress\/segunda\/wp-json\/wp\/v2\/tags?post=38180"}],"curies":[{"name":"wp","href":"https:\/\/api.w.org\/{rel}","templated":true}]}}