{"id":3833,"date":"2012-06-20T22:41:21","date_gmt":"2012-06-20T20:41:21","guid":{"rendered":"http:\/\/www.tucomarca.com\/wordpress\/segunda\/?p=3833"},"modified":"2012-06-20T22:41:21","modified_gmt":"2012-06-20T20:41:21","slug":"venta-del-moro-acoge-su-segundo-reto-deportivo-solidario-en-la-lucha-contra-el-cancer-2012","status":"publish","type":"post","link":"https:\/\/www.tucomarca.com\/wordpress\/segunda\/venta-del-moro-acoge-su-segundo-reto-deportivo-solidario-en-la-lucha-contra-el-cancer-2012\/","title":{"rendered":"Venta del Moro acoge su segundo reto deportivo solidario en la lucha contra el c\u00e1ncer 2012"},"content":{"rendered":"<p style=\"text-align: left;\">\n<figure id=\"attachment_3834\" aria-describedby=\"caption-attachment-3834\" style=\"width: 591px\" class=\"wp-caption aligncenter\"><a href=\"https:\/\/www.tucomarca.com\/wordpress\/segunda\/wp-content\/uploads\/2012\/06\/maraton-100-km.jpg\"><img loading=\"lazy\" decoding=\"async\" class=\"size-full wp-image-3834 \" title=\"maraton-100-km\" src=\"https:\/\/www.tucomarca.com\/wordpress\/segunda\/wp-content\/uploads\/2012\/06\/maraton-100-km.jpg\" alt=\"Cartel anunciador de la pruena de este a\u00f1o.\" width=\"591\" height=\"394\" srcset=\"https:\/\/www.tucomarca.com\/wordpress\/segunda\/wp-content\/uploads\/2012\/06\/maraton-100-km.jpg 591w, https:\/\/www.tucomarca.com\/wordpress\/segunda\/wp-content\/uploads\/2012\/06\/maraton-100-km-300x200.jpg 300w\" sizes=\"auto, (max-width: 591px) 100vw, 591px\" \/><\/a><figcaption id=\"caption-attachment-3834\" class=\"wp-caption-text\">Cartel anunciador de la pruena de este a\u00f1o.<\/figcaption><\/figure>\n<p>El pr\u00f3ximo d\u00eda 29 de junio se inciar\u00e1 desde Venta del Moro el \u00abII Reto Deportivo \u00a0Solidario en la Lucha contra el C\u00e1ncer 2012 Where is the limit?\u00bb organizada por el Club de\u00a0Atletismo de Albal\u00a0y con la colaboraci\u00f3n de la\u00a0Asociaci\u00f3n Espa\u00f1ola de Lucha contra el C\u00e1ncer (AECC), el Ayuntamiento de Venta del Moro y el\u00a0Ayuntamiento de Albal\u00a0y\u00a0que con una duraci\u00f3n de 24 horas, cubrir\u00e1 100 kil\u00f3metros de distancia finalizando en el pueblo de Albal al d\u00eda siguiente, 30 de junio.<\/p>\n<p>Para empezar, el d\u00eda 29 de junio a las 20,00 horas se realizar\u00e1 una charla\u00a0 Informativa en el sal\u00f3n de plenos del Ayuntamiento\u00a0 de Venta\u00a0 del Moro sobre el Reto Solidario\u00a0 en la Lucha contra el C\u00e1ncer. Al finalizar\u00a0 la\u00a0 charla se repartir\u00e1n obsequios a\u00a0 los\u00a0 asistentes por\u00a0 la\u00a0 AECC. Posteriormente a las 23,00 horas, desde la Plaza del Ayuntamiento de Venta del Moro, tendr\u00e1\u00a0 lugar\u00a0 la\u00a0 salida\u00a0 del\u00a0 II Reto Deportivo Solidario en la lucha contra el c\u00e1ncer.<\/p>\n<p><strong>Breve historia del I Reto Solidario<\/strong><\/p>\n<p><strong><\/strong>El\u00a0 pasado a\u00f1o 2011 se llevo a cabo \u00a0el I Reto Solidario contra el C\u00e1ncer. Entre los d\u00edas 28 y 30 de abril del 2011 el corredor popular Jos\u00e9 Antonio Miguel Garrido afront\u00f3, junto a su compa\u00f1ero Francisco Lahoz C\u00e9spedes, el reto de cubrir los 160 kil\u00f3metros que separan la localidad valenciana de Albal con la conquense de Leda\u00f1a, como homenaje a su abuelo fallecido por esta enfermedad, natural de Leda\u00f1a, \u00a0y dedic\u00f3 con\u00a0 este gesto un homenaje \u00a0a todas las personas que padecen esta enfermedad.<\/p>\n<p>A las 18,30 horas del 28 de abril, Jos\u00e9 Antonio Miguel Garrido dio comienzo su particular reto solidario en la lucha contra el c\u00e1ncer. El corredor dividi\u00f3 \u00a0su reto en tres etapas,\u00a0 y en su camino s\u00f3lo hubo tiempo de detenerse para dormir al finalizar la \u00faltima jornada.<\/p>\n<p>La primera etapa comenz\u00f3 desde Albal y, despu\u00e9s de recorrer 38 kil\u00f3metros, \u00a0llegaron a Alborache. Al d\u00eda siguiente, a primera hora de la ma\u00f1ana realizaron \u00a0una etapa de 62 kil\u00f3metros, con meta en Venta del Moro, todav\u00eda perteneciente a \u00a0la Comunidad Valenciana.<\/p>\n<p>La \u00faltima jornada comenz\u00f3 a las 7,30 horas del 30 de abril y en ella, Jos\u00e9 Antonio Miguel Garrido y su compa\u00f1ero Francisco Lahoz C\u00e9spedes tuvieron que cubrir los \u00a060 kil\u00f3metros para llegar a la localidad conquense de Leda\u00f1a. En esta \u00faltima etapa, a la altura de Villamalea, en la carretera nueva del Eje de la Manchuela, se unieron al recorrido otros corredores de la comarca, que arroparon al equipo del reto solidario hasta su llegada a Leda\u00f1a.<\/p>\n<p>Este a\u00f1o 2012, el d\u00eda 29 de junio, Jos\u00e9 Antonio Miguel Garrido, junto a 7 compa\u00f1eros y un equipo de apoyo de 4 personas, tendr\u00e1\u00a0 lugar el II Reto Deportivo Solidario en la lucha\u00a0 contra el C\u00e1ncer, y el lugar de partida\u00a0 ser\u00e1\u00a0 Venta\u00a0 del Moro hasta la localidad de\u00a0 Albal, m\u00e1s de 100 km, con una duraci\u00f3n m\u00e1xima\u00a0 de 24 horas, e incluso\u00a0 menos,\u00a0 ya que la hora de salida est\u00e1 prevista a las 23,00 horas desde\u00a0 Venta\u00a0 del Moro y la hora de llegada a las 18,00 horas del d\u00eda 30 de junio, teniendo en cuenta\u00a0 el agravante de que van a salir por la noche, y por lugares poco transitados y desconocidos para ellos y que este a\u00f1o va a tener lugar en el mes de junio, en el que las temperaturas diurnas son muy elevadas y el esfuerzo y sacrificio para llegar a la meta van a ser mayores.<\/p>\n<p>Desde el Ayuntamiento de Venta del Moro han mostrado todo su \u00abapoyo y nuestras\u00a0 fuerzas para que consig\u00e1is exitosamente vuestro\u00a0 desaf\u00edo,\u00a0 al\u00a0 igual que a todas aquella personas que d\u00eda a d\u00eda est\u00e1n luchando para\u00a0 superar esta tr\u00e1gica\u00a0 enfermedad. \u00c1nimo Muchachos\u00bb.<\/p>\n<p>Para m\u00e1s informaci\u00f3n, la p\u00e1gina de facebook del Reto solidario es <a href=\"http:\/\/www.facebook.com\/pages\/RETO-SOLIDARIO\/113130932103177\" target=\"_blank\">http:\/\/www.facebook.com\/pages\/RETO-SOLIDARIO\/113130932103177<\/a><\/p>\n<p>Y el v\u00eddeo I RetoDeportivo Solidario 2011 es <a href=\"http:\/\/www.youtube.com\/watch?v=ko94QIt4T60\" target=\"_blank\">http:\/\/www.youtube.com\/watch?v=ko94QIt4T60<\/a><\/p>\n","protected":false},"excerpt":{"rendered":"<div class=\"mh-excerpt\">El pr\u00f3ximo d\u00eda 29 de junio se inciar\u00e1 desde Venta del Moro el \u00abII Reto Deportivo \u00a0Solidario en la Lucha contra el C\u00e1ncer 2012 Where is the limit?\u00bb organizada por el Club de\u00a0Atletismo de Albal\u00a0y <a class=\"mh-excerpt-more\" href=\"https:\/\/www.tucomarca.com\/wordpress\/segunda\/venta-del-moro-acoge-su-segundo-reto-deportivo-solidario-en-la-lucha-contra-el-cancer-2012\/\" title=\"Venta del Moro acoge su segundo reto deportivo solidario en la lucha contra el c\u00e1ncer 2012\">[+] <\/a><\/div>\n","protected":false},"author":1,"featured_media":3834,"comment_status":"open","ping_status":"open","sticky":false,"template":"","format":"standard","meta":{"footnotes":""},"categories":[98,6,27,3,234,45],"tags":[],"class_list":{"0":"post-3833","1":"post","2":"type-post","3":"status-publish","4":"format-standard","5":"has-post-thumbnail","7":"category-atletismo","8":"category-deportes","9":"category-requena-utiel","10":"category-seccion","11":"category-venta-del-moro","12":"category-ventana"},"_links":{"self":[{"href":"https:\/\/www.tucomarca.com\/wordpress\/segunda\/wp-json\/wp\/v2\/posts\/3833","targetHints":{"allow":["GET"]}}],"collection":[{"href":"https:\/\/www.tucomarca.com\/wordpress\/segunda\/wp-json\/wp\/v2\/posts"}],"about":[{"href":"https:\/\/www.tucomarca.com\/wordpress\/segunda\/wp-json\/wp\/v2\/types\/post"}],"author":[{"embeddable":true,"href":"https:\/\/www.tucomarca.com\/wordpress\/segunda\/wp-json\/wp\/v2\/users\/1"}],"replies":[{"embeddable":true,"href":"https:\/\/www.tucomarca.com\/wordpress\/segunda\/wp-json\/wp\/v2\/comments?post=3833"}],"version-history":[{"count":0,"href":"https:\/\/www.tucomarca.com\/wordpress\/segunda\/wp-json\/wp\/v2\/posts\/3833\/revisions"}],"wp:featuredmedia":[{"embeddable":true,"href":"https:\/\/www.tucomarca.com\/wordpress\/segunda\/wp-json\/wp\/v2\/media\/3834"}],"wp:attachment":[{"href":"https:\/\/www.tucomarca.com\/wordpress\/segunda\/wp-json\/wp\/v2\/media?parent=3833"}],"wp:term":[{"taxonomy":"category","embeddable":true,"href":"https:\/\/www.tucomarca.com\/wordpress\/segunda\/wp-json\/wp\/v2\/categories?post=3833"},{"taxonomy":"post_tag","embeddable":true,"href":"https:\/\/www.tucomarca.com\/wordpress\/segunda\/wp-json\/wp\/v2\/tags?post=3833"}],"curies":[{"name":"wp","href":"https:\/\/api.w.org\/{rel}","templated":true}]}}