{"id":3837,"date":"2012-06-21T09:41:07","date_gmt":"2012-06-21T07:41:07","guid":{"rendered":"http:\/\/www.tucomarca.com\/wordpress\/segunda\/?p=3837"},"modified":"2012-06-21T09:43:04","modified_gmt":"2012-06-21T07:43:04","slug":"jose-vicente-marques-pte-del-cd-cheste-%c2%absoy-un-gran-enamorado-de-la-cantera%c2%bb","status":"publish","type":"post","link":"https:\/\/www.tucomarca.com\/wordpress\/segunda\/jose-vicente-marques-pte-del-cd-cheste-%c2%absoy-un-gran-enamorado-de-la-cantera%c2%bb\/","title":{"rendered":"Jos\u00e9 Vicente Marqu\u00e9s: \u00abSoy un gran enamorado de la cantera del CD Cheste\u00bb"},"content":{"rendered":"<figure id=\"attachment_3838\" aria-describedby=\"caption-attachment-3838\" style=\"width: 296px\" class=\"wp-caption alignleft\"><a rel=\"attachment wp-att-3838\" href=\"https:\/\/www.tucomarca.com\/wordpress\/segunda\/?attachment_id=3838\"><img loading=\"lazy\" decoding=\"async\" class=\"size-medium wp-image-3838\" title=\"PRESICHESTE\" src=\"https:\/\/www.tucomarca.com\/wordpress\/segunda\/wp-content\/uploads\/2012\/06\/PRESICHESTE1-e1340264427144-296x300.jpg\" alt=\"\" width=\"296\" height=\"300\" srcset=\"https:\/\/www.tucomarca.com\/wordpress\/segunda\/wp-content\/uploads\/2012\/06\/PRESICHESTE1-e1340264427144-296x300.jpg 296w, https:\/\/www.tucomarca.com\/wordpress\/segunda\/wp-content\/uploads\/2012\/06\/PRESICHESTE1-e1340264427144.jpg 776w\" sizes=\"auto, (max-width: 296px) 100vw, 296px\" \/><\/a><figcaption id=\"caption-attachment-3838\" class=\"wp-caption-text\">Pte. del CD Cheste. tc.c<\/figcaption><\/figure>\n<p>D\u00edas atr\u00e1s se oficializ\u00f3 el nombramiento de Jos\u00e9 Vicente Marqu\u00e9s como presidente del CD Cheste en sustituci\u00f3n del veterano Hilario Cabrera. En la entrevista concedida a este semanario nos anticipa la propuesta de futuro de una entidad con la que se siente plenamente identificado.<br \/>\n\u2014 PREGUNTA: \u00bfEn qu\u00e9 momento decide dar el paso y optar a la presidencia?, \u00bfqu\u00e9 le ha motivado?<br \/>\n\u2014 RESPUESTA: En el momento que el anterior presidente decide no continuar y al sentirme muy vinculado al CD Cheste y a la tarea que iniciamos a\u00f1os atr\u00e1s. Aprovecho esta oportunidad para agradecerle a Hilario todo lo que ha hecho por el club. El motivo es seguir en un proyecto ilusionante con los jugadores del pueblo. Me gustar\u00eda terminar mi mandato con una plantilla en el primer equipo con m\u00e1s de siete jugadores del pueblo. Esta ilusi\u00f3n es compartida por mucha gente que va al campo<br \/>\n\u2014 \u00bfQu\u00e9 objetivos se ha marcado para el pr\u00f3ximo curso ?<br \/>\n\u2014 En el apartado econ\u00f3mico queremos intentar en dos a\u00f1os dejar las arcas en positivo. A eso se une la necesidad de crear una ilusi\u00f3n en los jugadores de las EDM y que vean al CD Cheste como una meta a su trayectoria deportiva.<br \/>\n\u2014 \u00bfYa ha definido el resto de la junta directiva que le acompa\u00f1ar\u00e1 en este proyecto?<br \/>\n\u2014 Todav\u00eda no. El d\u00eda 13 de junio dar\u00e9 a conocer la Junta Directiva. Por primera vez en la historia del Club me acompa\u00f1ar\u00e1n cuatro mujeres. Estoy agradecido a la gente que me ha comunicado que le gustar\u00eda estar en la Junta, pero en estos momentos no podemos ser tantos. Debido a ello, aparece la figura del socio-colaborador que tendr\u00e1 casi las mismas obligaciones que un Directivo.<br \/>\n\u2014 \u00bfSe atreve a valorar las \u00faltimas campa\u00f1as de la entidad tanto en lo deportivo como en lo econ\u00f3mico y social?<br \/>\n\u2014 En lo deportivo, el equipo de Preferente creo ha vivido uno de los mejores a\u00f1os de su historia. Hay que agradec\u00e9rselo al equipo, al t\u00e9cnico y a los jugadores. Por otra parte, con el 2\u00aa Regional, en mi opini\u00f3n, hemos fallado todos; Junta Directiva y jugadores. No hemos sabido transmitir a los chavales lo que significa la camiseta del Club. En contraposici\u00f3n, el Juvenil ha sido nuestra alegr\u00eda esta temporada. Ha ascendido y vamos a apostar mucho por ellos. Felicidades a todos.\u00a0 En materia econ\u00f3mica hemos intentado llegar hasta el final, pero ha sido imposible. Este a\u00f1o se ha habido muchas bajas en publicidad, m\u00e1rketing, socios, aportaciones voluntarias de empresas. A eso se ha unido la merma en los ingresos. Es muy dif\u00edcil llegar sin recursos, tenemos que inventar cosas diferentes para poder atraer ingresos. En lo social, el f\u00fatbol es un atractivo para la gente joven que por sus caracter\u00edsticas\u00a0 deportivas proporciona un desarrollo importante tanto f\u00edsico como humano.<br \/>\n\u2014 \u00bfCu\u00e1l es la realidad econ\u00f3mica del club?<br \/>\n\u2014 En la Asamblea general celebrada el 01 de Junio hab\u00eda un d\u00e9ficit de 17.849,63. As\u00ed pues, vamos a trabajar como hemos comentado anteriormente para disminuir la deuda.<br \/>\n\u2014 \u00bfHay buena sinton\u00eda con el consistorio a la hora de desarrollar proyectos en com\u00fan?<br \/>\n\u2014 En menos de diez d\u00edas nos hemos reunido ya en dos ocasiones con el concejal de Deportes y el se\u00f1or alcalde. Ya hemos acordado algunos temas como nombrar Director Deportivo del f\u00fatbol 11 a \u00d3scar Fern\u00e1ndez. Les he propuesto ideas por las cuales pod\u00edamos salir beneficiados ambos estamentos.<br \/>\n\u2014 \u00bfQu\u00e9 puede aportar el fichaje de Pablo Jim\u00e9nez como nuevo entrenador tras a\u00f1os de gran \u00e9xito en lo deportivo?<br \/>\n\u2014 Pues yo no soy la persona m\u00e1s id\u00f3nea para contestar, pero entiendo que cuando Fernando P\u00e9rez, responsable deportivo, lo ha fichado ser\u00e1 por algo. Fernando es la persona que mejor conoce estos temas. Tiene plena libertad para hacer lo que \u00e9l crea conveniente. Entiendo que superar lo anterior ser\u00e1 tarea dif\u00edcil, pero no imposible.<br \/>\n\u2014 \u00bfSe puede anticipar la continuidad o el fichaje de alg\u00fan futbolista de renombre en Regional Preferente?<br \/>\n\u2014 Bueno, os aconsejo que entr\u00e9is en la p\u00e1gina web del CD Cheste, ya que d\u00eda a d\u00eda se van actualizando datos de estos temas.<br \/>\n\u2014 \u00bfQu\u00e9 papel le concede a la cantera?, \u00bfva a tener \u00e9sta m\u00e1s protagonismo en los pr\u00f3ximos cursos?<br \/>\n\u2014 Me gusta la pregunta porque yo soy un enamorado de la cantera. Voy a trabajar para que los padres de las EDM est\u00e9n contentos de los equipos superiores, que vean profesionalidad y disciplina deportiva.Vamos a realizar un gran esfuerzo con la cantera, los chavales en un plazo de dos a\u00f1os van a tener ilusi\u00f3n por jugar en Juveniles, 2\u00aa o 1\u00aa Regional y Preferente.<br \/>\n\u2014 Y para cerrar, \u00bfqu\u00e9 mensaje es el que le gustar\u00eda hacer llegar a la afici\u00f3n antes de que arranque el campeonato liguero?<br \/>\n\u2014 El que me conoce sabe que voy a poner todos los sentidos en este proyecto y el que no me conoce se acordar\u00e1 de mi gesti\u00f3n. A la afici\u00f3n lo \u00fanico que le pido es que sepa comprender que este a\u00f1o puede ser de transici\u00f3n. Tambi\u00e9n les animo a que acudan al campo para apoyar a sus jugadores. Vamos a poner precios especiales y no vamos a subir las cuotas de socios.<\/p>\n","protected":false},"excerpt":{"rendered":"<div class=\"mh-excerpt\">D\u00edas atr\u00e1s se oficializ\u00f3 el nombramiento de Jos\u00e9 Vicente Marqu\u00e9s como presidente del CD Cheste en sustituci\u00f3n del veterano Hilario Cabrera. En la entrevista concedida a este semanario nos anticipa la propuesta de futuro de <a class=\"mh-excerpt-more\" href=\"https:\/\/www.tucomarca.com\/wordpress\/segunda\/jose-vicente-marques-pte-del-cd-cheste-%c2%absoy-un-gran-enamorado-de-la-cantera%c2%bb\/\" title=\"Jos\u00e9 Vicente Marqu\u00e9s: \u00abSoy un gran enamorado de la cantera del CD Cheste\u00bb\">[+] <\/a><\/div>\n","protected":false},"author":2,"featured_media":3838,"comment_status":"open","ping_status":"open","sticky":false,"template":"","format":"standard","meta":{"footnotes":""},"categories":[50,17,6,10,3],"tags":[44],"class_list":{"0":"post-3837","1":"post","2":"type-post","3":"status-publish","4":"format-standard","5":"has-post-thumbnail","7":"category-futbol-deportes","8":"category-cheste","9":"category-deportes","10":"category-la-hoya","11":"category-seccion","12":"tag-futbol"},"_links":{"self":[{"href":"https:\/\/www.tucomarca.com\/wordpress\/segunda\/wp-json\/wp\/v2\/posts\/3837","targetHints":{"allow":["GET"]}}],"collection":[{"href":"https:\/\/www.tucomarca.com\/wordpress\/segunda\/wp-json\/wp\/v2\/posts"}],"about":[{"href":"https:\/\/www.tucomarca.com\/wordpress\/segunda\/wp-json\/wp\/v2\/types\/post"}],"author":[{"embeddable":true,"href":"https:\/\/www.tucomarca.com\/wordpress\/segunda\/wp-json\/wp\/v2\/users\/2"}],"replies":[{"embeddable":true,"href":"https:\/\/www.tucomarca.com\/wordpress\/segunda\/wp-json\/wp\/v2\/comments?post=3837"}],"version-history":[{"count":0,"href":"https:\/\/www.tucomarca.com\/wordpress\/segunda\/wp-json\/wp\/v2\/posts\/3837\/revisions"}],"wp:featuredmedia":[{"embeddable":true,"href":"https:\/\/www.tucomarca.com\/wordpress\/segunda\/wp-json\/wp\/v2\/media\/3838"}],"wp:attachment":[{"href":"https:\/\/www.tucomarca.com\/wordpress\/segunda\/wp-json\/wp\/v2\/media?parent=3837"}],"wp:term":[{"taxonomy":"category","embeddable":true,"href":"https:\/\/www.tucomarca.com\/wordpress\/segunda\/wp-json\/wp\/v2\/categories?post=3837"},{"taxonomy":"post_tag","embeddable":true,"href":"https:\/\/www.tucomarca.com\/wordpress\/segunda\/wp-json\/wp\/v2\/tags?post=3837"}],"curies":[{"name":"wp","href":"https:\/\/api.w.org\/{rel}","templated":true}]}}