{"id":3854,"date":"2012-06-21T10:11:43","date_gmt":"2012-06-21T08:11:43","guid":{"rendered":"http:\/\/www.tucomarca.com\/wordpress\/segunda\/?p=3854"},"modified":"2012-06-21T10:11:43","modified_gmt":"2012-06-21T08:11:43","slug":"el-curso-de-perfeccionamiento-de-%c2%abla-primitiva%c2%bb-contara-con-grandes-profesionales","status":"publish","type":"post","link":"https:\/\/www.tucomarca.com\/wordpress\/segunda\/el-curso-de-perfeccionamiento-de-%c2%abla-primitiva%c2%bb-contara-con-grandes-profesionales\/","title":{"rendered":"El curso de perfeccionamiento de \u00abLa Primitiva\u00bb contar\u00e1 con grandes profesionales"},"content":{"rendered":"<p>\u00abLa Primitiva\u00bb de Alborache mantiene abierto el plazo de inscripci\u00f3n para quienes quieran participar en el curso de perfeccionamiento instrumental que desarrollar\u00e1 del 9 al 14 de julio en las instalaciones de la sociedad y que ser\u00e1 impartido por profesores como Marcos Chirivella (flauta), Luc\u00eda Pall\u00e1s (oboe), Francisco Perell\u00f3 (clarinete), Santiago Ruiz (clarinete), Jos\u00e9 Luis Ram\u00f3n (tromb\u00f3n, tuba y bombardino), Joaqu\u00edn Lamb\u00edes (percusi\u00f3n), Eloy Tar\u00edn (trompeta), Ra\u00fal S\u00e1nchez (saxo), Carlos Out\u00f3n (trompa), Jos\u00e9 Miguel Ba\u00f1uls (viola), Jos\u00e9 Guerrero (viol\u00edn), Marisol Collado (viol\u00edn), M\u00aa Carmen Santos (violonchelo) e Isabel Santos (piano). La organizaci\u00f3n espera repetir el \u00e9xito de a\u00f1os atr\u00e1s, por lo que ha fijado un precio de 75 euros para los socios de \u00abLa Primitiva\u00bb y de 80 euros para los no socios.<br \/>\nComo ha a\u00f1adido el presidente de la sociedad, Alfredo Mart\u00ednez, el n\u00famero m\u00e1ximo de m\u00fasicos por especialidad ser\u00e1 de 12, por lo que tendr\u00e1n preferencia quienes se matriculen en primer lugar. La clausura est\u00e1 prevista para el d\u00eda 14 a las 12 del mediod\u00eda con la entrega de los diplomas, un acto al que seguir\u00e1 la preceptiva comida de hermandad.<br \/>\nM\u00e1s informaci\u00f3n sobe el curso en el n\u00famero de tel\u00e9fono 608 80 31 01. <\/p>\n","protected":false},"excerpt":{"rendered":"<div class=\"mh-excerpt\">\u00abLa Primitiva\u00bb de Alborache mantiene abierto el plazo de inscripci\u00f3n para quienes quieran participar en el curso de perfeccionamiento instrumental que desarrollar\u00e1 del 9 al 14 de julio en las instalaciones de la sociedad y <a class=\"mh-excerpt-more\" href=\"https:\/\/www.tucomarca.com\/wordpress\/segunda\/el-curso-de-perfeccionamiento-de-%c2%abla-primitiva%c2%bb-contara-con-grandes-profesionales\/\" title=\"El curso de perfeccionamiento de \u00abLa Primitiva\u00bb contar\u00e1 con grandes profesionales\">[+] <\/a><\/div>\n","protected":false},"author":2,"featured_media":0,"comment_status":"open","ping_status":"open","sticky":false,"template":"","format":"standard","meta":{"footnotes":""},"categories":[19,66,10,7,3],"tags":[308],"class_list":{"0":"post-3854","1":"post","2":"type-post","3":"status-publish","4":"format-standard","6":"category-alborache","7":"category-musica","8":"category-la-hoya","9":"category-ocio-y-cultura","10":"category-seccion","11":"tag-cursillo"},"_links":{"self":[{"href":"https:\/\/www.tucomarca.com\/wordpress\/segunda\/wp-json\/wp\/v2\/posts\/3854","targetHints":{"allow":["GET"]}}],"collection":[{"href":"https:\/\/www.tucomarca.com\/wordpress\/segunda\/wp-json\/wp\/v2\/posts"}],"about":[{"href":"https:\/\/www.tucomarca.com\/wordpress\/segunda\/wp-json\/wp\/v2\/types\/post"}],"author":[{"embeddable":true,"href":"https:\/\/www.tucomarca.com\/wordpress\/segunda\/wp-json\/wp\/v2\/users\/2"}],"replies":[{"embeddable":true,"href":"https:\/\/www.tucomarca.com\/wordpress\/segunda\/wp-json\/wp\/v2\/comments?post=3854"}],"version-history":[{"count":0,"href":"https:\/\/www.tucomarca.com\/wordpress\/segunda\/wp-json\/wp\/v2\/posts\/3854\/revisions"}],"wp:attachment":[{"href":"https:\/\/www.tucomarca.com\/wordpress\/segunda\/wp-json\/wp\/v2\/media?parent=3854"}],"wp:term":[{"taxonomy":"category","embeddable":true,"href":"https:\/\/www.tucomarca.com\/wordpress\/segunda\/wp-json\/wp\/v2\/categories?post=3854"},{"taxonomy":"post_tag","embeddable":true,"href":"https:\/\/www.tucomarca.com\/wordpress\/segunda\/wp-json\/wp\/v2\/tags?post=3854"}],"curies":[{"name":"wp","href":"https:\/\/api.w.org\/{rel}","templated":true}]}}