{"id":3856,"date":"2012-06-21T10:13:31","date_gmt":"2012-06-21T08:13:31","guid":{"rendered":"http:\/\/www.tucomarca.com\/wordpress\/segunda\/?p=3856"},"modified":"2012-06-21T10:13:31","modified_gmt":"2012-06-21T08:13:31","slug":"la-%c2%absanta-cecilia%c2%bb-de-macastre-apuesta-por-la-calidad-en-su-curso-de-perfeccionamiento","status":"publish","type":"post","link":"https:\/\/www.tucomarca.com\/wordpress\/segunda\/la-%c2%absanta-cecilia%c2%bb-de-macastre-apuesta-por-la-calidad-en-su-curso-de-perfeccionamiento\/","title":{"rendered":"La \u00abSanta Cecilia\u00bb de Macastre apuesta por la calidad en su curso de perfeccionamiento"},"content":{"rendered":"<p>La Sociedad Musical \u00abSanta Cecilia\u00bb de Macastre se prepara para el esperado curso de perfeccionamiento instrumental que este a\u00f1o se desarrollar\u00e1 del 2 al 7 de julio y en el que se va a contar con profesionales de primer nivel a fin de atraer al mayor n\u00famero de m\u00fasicos posible.<br \/>\nLa disciplina de trompa ser\u00e1 impartida por Andr\u00e9s Ruiz, la de trompeta por Francisco J. Sanz, la de fagot por Jos\u00e9 Mar\u00eda G\u00f3mez, la de Arpa por Gemma Olivert, la de chelo por David Varona, como tuba profesional participar\u00e1 Miguel Vall\u00e9s, el profesor de saxof\u00f3n ser\u00e1 Francisco Haro, el de clarinete Eduardo Carrascosa, el de tromb\u00f3n Ernesto Perell\u00f3, la de oboe Luc\u00eda Pall\u00e1s, la de flauta Asunci\u00f3n Garc\u00eda, el de percusi\u00f3n Joaqu\u00edn Lamb\u00edes, el de contrabajo Valeriano Hern\u00e1ndez, el de viola Francisco S\u00e1ez y el de viol\u00edn Alejandro Abad.<br \/>\nComo se informa desde la organizaci\u00f3n, el curso consta de 25 horas lectivas en las cuales se incluir\u00e1n ensayos para las audiciones que se ofrecer\u00e1n con presencia de p\u00fablico.<br \/>\nEl curso de perfeccionamiento musical de Macastre esta\u0301 destinado a todos los alumnos, de cualquier curso o nivel, incluso para adultos que realicen estudios musicales por propio intere\u0301s.<br \/>\nSegu\u0301n la especialidad y el nu\u0301mero de alumnos, cada profesor distribuira\u0301 los grupos para adecuar al ma\u0301ximo los niveles y que los alumnos puedan aprovechar al ma\u0301ximo el trabajo.<\/p>\n","protected":false},"excerpt":{"rendered":"<div class=\"mh-excerpt\">La Sociedad Musical \u00abSanta Cecilia\u00bb de Macastre se prepara para el esperado curso de perfeccionamiento instrumental que este a\u00f1o se desarrollar\u00e1 del 2 al 7 de julio y en el que se va a contar <a class=\"mh-excerpt-more\" href=\"https:\/\/www.tucomarca.com\/wordpress\/segunda\/la-%c2%absanta-cecilia%c2%bb-de-macastre-apuesta-por-la-calidad-en-su-curso-de-perfeccionamiento\/\" title=\"La \u00abSanta Cecilia\u00bb de Macastre apuesta por la calidad en su curso de perfeccionamiento\">[+] <\/a><\/div>\n","protected":false},"author":2,"featured_media":0,"comment_status":"open","ping_status":"open","sticky":false,"template":"","format":"standard","meta":{"footnotes":""},"categories":[66,10,13,7,3],"tags":[308],"class_list":{"0":"post-3856","1":"post","2":"type-post","3":"status-publish","4":"format-standard","6":"category-musica","7":"category-la-hoya","8":"category-macastre","9":"category-ocio-y-cultura","10":"category-seccion","11":"tag-cursillo"},"_links":{"self":[{"href":"https:\/\/www.tucomarca.com\/wordpress\/segunda\/wp-json\/wp\/v2\/posts\/3856","targetHints":{"allow":["GET"]}}],"collection":[{"href":"https:\/\/www.tucomarca.com\/wordpress\/segunda\/wp-json\/wp\/v2\/posts"}],"about":[{"href":"https:\/\/www.tucomarca.com\/wordpress\/segunda\/wp-json\/wp\/v2\/types\/post"}],"author":[{"embeddable":true,"href":"https:\/\/www.tucomarca.com\/wordpress\/segunda\/wp-json\/wp\/v2\/users\/2"}],"replies":[{"embeddable":true,"href":"https:\/\/www.tucomarca.com\/wordpress\/segunda\/wp-json\/wp\/v2\/comments?post=3856"}],"version-history":[{"count":0,"href":"https:\/\/www.tucomarca.com\/wordpress\/segunda\/wp-json\/wp\/v2\/posts\/3856\/revisions"}],"wp:attachment":[{"href":"https:\/\/www.tucomarca.com\/wordpress\/segunda\/wp-json\/wp\/v2\/media?parent=3856"}],"wp:term":[{"taxonomy":"category","embeddable":true,"href":"https:\/\/www.tucomarca.com\/wordpress\/segunda\/wp-json\/wp\/v2\/categories?post=3856"},{"taxonomy":"post_tag","embeddable":true,"href":"https:\/\/www.tucomarca.com\/wordpress\/segunda\/wp-json\/wp\/v2\/tags?post=3856"}],"curies":[{"name":"wp","href":"https:\/\/api.w.org\/{rel}","templated":true}]}}