{"id":38617,"date":"2015-07-21T12:38:43","date_gmt":"2015-07-21T09:38:43","guid":{"rendered":"http:\/\/www.tucomarca.com\/wordpress\/segunda\/?p=38617"},"modified":"2015-07-21T12:38:43","modified_gmt":"2015-07-21T09:38:43","slug":"actuacion-del-grupo-ikonen-en-los-jardines-de-la-armonica-de-bunol","status":"publish","type":"post","link":"https:\/\/www.tucomarca.com\/wordpress\/segunda\/actuacion-del-grupo-ikonen-en-los-jardines-de-la-armonica-de-bunol\/","title":{"rendered":"Actuaci\u00f3n del grupo Ikonen en los Jardines de la Arm\u00f3nica de Bu\u00f1ol"},"content":{"rendered":"<p>El grupo de percusi\u00f3n Ikonen va a realizar un recital el pr\u00f3ximo s\u00e1bado 25 de julio a las 23 h en los Jardines de \u00abLa Arm\u00f3nica\u00bb, en el que interpretaran un variado programa bajo el lema \u00abCompenetraci\u00f3n Condicionada\u00bb.<\/p>\n<p>Esta actuaci\u00f3n se realiza dentro de las agradables veladas con m\u00fasica en directo que se han programado por el CIM \u00abLa Arm\u00f3nica\u00bb durante este verano.<\/p>\n","protected":false},"excerpt":{"rendered":"<div class=\"mh-excerpt\">El grupo de percusi\u00f3n Ikonen va a realizar un recital el pr\u00f3ximo s\u00e1bado 25 de julio a las 23 h en los Jardines de \u00abLa Arm\u00f3nica\u00bb, en el que interpretaran un variado programa bajo el <a class=\"mh-excerpt-more\" href=\"https:\/\/www.tucomarca.com\/wordpress\/segunda\/actuacion-del-grupo-ikonen-en-los-jardines-de-la-armonica-de-bunol\/\" title=\"Actuaci\u00f3n del grupo Ikonen en los Jardines de la Arm\u00f3nica de Bu\u00f1ol\">[+] <\/a><\/div>\n","protected":false},"author":2,"featured_media":0,"comment_status":"open","ping_status":"open","sticky":false,"template":"","format":"standard","meta":{"footnotes":""},"categories":[4,3],"tags":[2149,10385,8368,8132],"class_list":{"0":"post-38617","1":"post","2":"type-post","3":"status-publish","4":"format-standard","6":"category-agenda","7":"category-seccion","8":"tag-actuacion","9":"tag-bunol","10":"tag-grupo-ikonen","11":"tag-jardines-armonica"},"_links":{"self":[{"href":"https:\/\/www.tucomarca.com\/wordpress\/segunda\/wp-json\/wp\/v2\/posts\/38617","targetHints":{"allow":["GET"]}}],"collection":[{"href":"https:\/\/www.tucomarca.com\/wordpress\/segunda\/wp-json\/wp\/v2\/posts"}],"about":[{"href":"https:\/\/www.tucomarca.com\/wordpress\/segunda\/wp-json\/wp\/v2\/types\/post"}],"author":[{"embeddable":true,"href":"https:\/\/www.tucomarca.com\/wordpress\/segunda\/wp-json\/wp\/v2\/users\/2"}],"replies":[{"embeddable":true,"href":"https:\/\/www.tucomarca.com\/wordpress\/segunda\/wp-json\/wp\/v2\/comments?post=38617"}],"version-history":[{"count":0,"href":"https:\/\/www.tucomarca.com\/wordpress\/segunda\/wp-json\/wp\/v2\/posts\/38617\/revisions"}],"wp:attachment":[{"href":"https:\/\/www.tucomarca.com\/wordpress\/segunda\/wp-json\/wp\/v2\/media?parent=38617"}],"wp:term":[{"taxonomy":"category","embeddable":true,"href":"https:\/\/www.tucomarca.com\/wordpress\/segunda\/wp-json\/wp\/v2\/categories?post=38617"},{"taxonomy":"post_tag","embeddable":true,"href":"https:\/\/www.tucomarca.com\/wordpress\/segunda\/wp-json\/wp\/v2\/tags?post=38617"}],"curies":[{"name":"wp","href":"https:\/\/api.w.org\/{rel}","templated":true}]}}