{"id":3869,"date":"2012-06-21T11:24:10","date_gmt":"2012-06-21T09:24:10","guid":{"rendered":"http:\/\/www.tucomarca.com\/wordpress\/segunda\/?p=3869"},"modified":"2012-06-21T11:24:10","modified_gmt":"2012-06-21T09:24:10","slug":"fgv-y-el-patronato-valencia-terra-i-mar-organizan-una-nueva-metro-ruta-al-municipio-de-lliria","status":"publish","type":"post","link":"https:\/\/www.tucomarca.com\/wordpress\/segunda\/fgv-y-el-patronato-valencia-terra-i-mar-organizan-una-nueva-metro-ruta-al-municipio-de-lliria\/","title":{"rendered":"FGV y el Patronato Val\u00e8ncia, Terra i Mar organizan una nueva metro-ruta al municipio de Ll\u00edria"},"content":{"rendered":"<p>Ferrocarrils de la Generalitat Valenciana (FGV) y el Patronato Provincial de Turismo de Valencia organizan este s\u00e1bado una nueva \u00abMetro-ruta Val\u00e8ncia, Terra i Mar\u00bb por Ll\u00edria, con el objetivo de ofrecer, a trav\u00e9s del uso del metro, los numerosos atractivos de estos municipios valencianos.<br \/>\nLos viajeros, que \u00fanicamente tendr\u00e1n que comprar el billete de ida y vuelta de Metrovalencia, tendr\u00e1n a su disposici\u00f3n un gu\u00eda tur\u00edstico, que aportar\u00e1 el municipio, y que les conducir\u00e1 para que puedan admirar la riqueza de la ciudad.<br \/>\nLl\u00edria ofrece una ruta por \u00abLa Ciutat de la M\u00fasica\u00bb, que tendr\u00e1 una particularidad respecto al resto de itinerarios, y es que la salida desde \u00c0ngel Guimer\u00e0 se producir\u00e1 a las 9:30 horas.<br \/>\nLa capital de Camp de T\u00faria ofrece al viajero la posibilidad de recorrer y admirar de manera cronol\u00f3gica los yacimientos arqueol\u00f3gicos y los monumentos arquitect\u00f3nicos m\u00e1s significativos de su n\u00facleo urbano.<br \/>\nAs\u00ed, los turistas que se desplacen hasta Ll\u00edria ser\u00e1n testigos de excepci\u00f3n de la gran oferta cultural de la ciudad con el recorrido por los Mausoleos Romanos de Edeta, los Ba\u00f1os \u00c1rabes, el Mol\u00ed de la Parra, las Pinturas g\u00f3ticas del Bon Pastor, la Iglesia de la Sangre (Monumento Nacional), el Museo Arqueol\u00f3gico, el Museo Silvestre de Edeta, el Forn de la Vila, el Palacio renacentista de Ca la Vila y la fachada barroca de la Asunci\u00f3n.<br \/>\nPor otra parte, durante su visita a la \u00abCiutat de la M\u00fasica\u00bb los viajeros tendr\u00e1n la posibilidad de degustar y adquirir productos de la marca \u00abAliments tradicionals de Ll\u00edria\u00bb, ir de tapas y comer men\u00fas lirianos en los restaurantes m\u00e1s importantes del municipio.<br \/>\n\u00abMetro-rutas Val\u00e8ncia Terra i Mar\u00bb pretende dar a conocer, de una manera din\u00e1mica, la historia, los edificios emblem\u00e1ticos, los museos y las distintas zonas de inter\u00e9s de cinco municipios de la provincia de Valencia que cuentan con red de metro en su centro urbano.<br \/>\nEn total son trece las \u00abMetro-rutas\u00bb programadas para los meses de marzo, abril, mayo, junio y julio, dos por cada municipio seleccionado, a excepci\u00f3n de Manises que cuenta con cuatro y Alm\u00e0ssera con una, que partir\u00e1n siempre desde la estaci\u00f3n de \u00c0ngel Guimer\u00e0 de Metrovalencia. Los destinos ser\u00e1n Manises, Moncada, Alm\u00e0ssera, Paterna, B\u00e9tera y Ll\u00edria. <\/p>\n","protected":false},"excerpt":{"rendered":"<div class=\"mh-excerpt\">Ferrocarrils de la Generalitat Valenciana (FGV) y el Patronato Provincial de Turismo de Valencia organizan este s\u00e1bado una nueva \u00abMetro-ruta Val\u00e8ncia, Terra i Mar\u00bb por Ll\u00edria, con el objetivo de ofrecer, a trav\u00e9s del uso <a class=\"mh-excerpt-more\" href=\"https:\/\/www.tucomarca.com\/wordpress\/segunda\/fgv-y-el-patronato-valencia-terra-i-mar-organizan-una-nueva-metro-ruta-al-municipio-de-lliria\/\" title=\"FGV y el Patronato Val\u00e8ncia, Terra i Mar organizan una nueva metro-ruta al municipio de Ll\u00edria\">[+] <\/a><\/div>\n","protected":false},"author":2,"featured_media":3870,"comment_status":"open","ping_status":"open","sticky":false,"template":"","format":"standard","meta":{"footnotes":""},"categories":[46,8,47,3],"tags":[311],"class_list":{"0":"post-3869","1":"post","2":"type-post","3":"status-publish","4":"format-standard","5":"has-post-thumbnail","7":"category-camp-de-turia","8":"category-la-comarca","9":"category-lliria","10":"category-seccion","11":"tag-metro"},"_links":{"self":[{"href":"https:\/\/www.tucomarca.com\/wordpress\/segunda\/wp-json\/wp\/v2\/posts\/3869","targetHints":{"allow":["GET"]}}],"collection":[{"href":"https:\/\/www.tucomarca.com\/wordpress\/segunda\/wp-json\/wp\/v2\/posts"}],"about":[{"href":"https:\/\/www.tucomarca.com\/wordpress\/segunda\/wp-json\/wp\/v2\/types\/post"}],"author":[{"embeddable":true,"href":"https:\/\/www.tucomarca.com\/wordpress\/segunda\/wp-json\/wp\/v2\/users\/2"}],"replies":[{"embeddable":true,"href":"https:\/\/www.tucomarca.com\/wordpress\/segunda\/wp-json\/wp\/v2\/comments?post=3869"}],"version-history":[{"count":0,"href":"https:\/\/www.tucomarca.com\/wordpress\/segunda\/wp-json\/wp\/v2\/posts\/3869\/revisions"}],"wp:featuredmedia":[{"embeddable":true,"href":"https:\/\/www.tucomarca.com\/wordpress\/segunda\/wp-json\/wp\/v2\/media\/3870"}],"wp:attachment":[{"href":"https:\/\/www.tucomarca.com\/wordpress\/segunda\/wp-json\/wp\/v2\/media?parent=3869"}],"wp:term":[{"taxonomy":"category","embeddable":true,"href":"https:\/\/www.tucomarca.com\/wordpress\/segunda\/wp-json\/wp\/v2\/categories?post=3869"},{"taxonomy":"post_tag","embeddable":true,"href":"https:\/\/www.tucomarca.com\/wordpress\/segunda\/wp-json\/wp\/v2\/tags?post=3869"}],"curies":[{"name":"wp","href":"https:\/\/api.w.org\/{rel}","templated":true}]}}