{"id":38732,"date":"2015-07-24T15:28:25","date_gmt":"2015-07-24T12:28:25","guid":{"rendered":"http:\/\/www.tucomarca.com\/wordpress\/segunda\/?p=38732"},"modified":"2015-07-24T15:28:28","modified_gmt":"2015-07-24T12:28:28","slug":"manises-mejora-sus-instalaciones-y-logra-el-certificado-de-accesibilidad-universal","status":"publish","type":"post","link":"https:\/\/www.tucomarca.com\/wordpress\/segunda\/manises-mejora-sus-instalaciones-y-logra-el-certificado-de-accesibilidad-universal\/","title":{"rendered":"Manises mejora sus instalaciones y logra el certificado de \u00abAccesibilidad Universal\u00bb"},"content":{"rendered":"<p><a href=\"https:\/\/www.tucomarca.com\/wordpress\/segunda\/2015\/07\/manises-mejora-sus-instalaciones-y-logra-el-certificado-de-accesibilidad-universal\/dsc00624\/\" rel=\"attachment wp-att-38733\"><img loading=\"lazy\" decoding=\"async\" src=\"https:\/\/www.tucomarca.com\/wordpress\/segunda\/wp-content\/uploads\/2015\/07\/DSC00624-300x199.jpg\" alt=\"\" title=\"DSC00624\" width=\"300\" height=\"199\" class=\"alignleft size-medium wp-image-38733\" srcset=\"https:\/\/www.tucomarca.com\/wordpress\/segunda\/wp-content\/uploads\/2015\/07\/DSC00624-300x199.jpg 300w, https:\/\/www.tucomarca.com\/wordpress\/segunda\/wp-content\/uploads\/2015\/07\/DSC00624.jpg 1024w\" sizes=\"auto, (max-width: 300px) 100vw, 300px\" \/><\/a>El Hospital de Manises se ha convertido en un centro hospitalario 100 por ciento accesible a todos los usuarios al obtener la certificaci\u00f3n de Accesibilidad Universal UNE 170001. Este t\u00edtulo acredita que cualquier persona, con independencia de su edad o discapacidad, puede acudir al centro y ser atendido sin encontrar barreras que puedan interferir en la atenci\u00f3n. \u201cDesde su creaci\u00f3n, el centro hospitalario incorporaba medidas de eliminaci\u00f3n de barreras que lo pon\u00edan en una buena disposici\u00f3n a la hora de obtener la certificaci\u00f3n. Lo que hemos hecho ahora ha sido mejorar nuestro punto de partida incorporando requisitos m\u00e1s espec\u00edficos que nos han valido el reconocimiento otorgado por AENOR como un paso m\u00e1s en el grado de accesibilidad para todas las \u00e1reas y servicios\u201d, ha explicado el doctor Vicente Gil Suay, gerente del Hospital de Manises.<\/p>\n<p>Plan de mejora<\/p>\n<p>Y es que, para la obtenci\u00f3n de esta certificaci\u00f3n, el Hospital de Manises ha invertido cerca de 300.000 euros en un ambicioso programa de mejoras que todav\u00eda sigue en marcha. As\u00ed, el centro ha realizado una auditoria completa y ha trabajado en un programa de identificaci\u00f3n de puntos de mejora. \u201cEsto ha implicado un trabajo intenso para hacer m\u00e1s accesibles todos los itinerarios del centro, el acceso a la informaci\u00f3n, los circuitos de los usuarios y el mobiliario, entre otros\u201d, destaca Rafael Va\u00f1\u00f3, responsable de Mantenimiento y Servicios Generales.<\/p>\n<p>En este sentido, el hospital ha realizado mejoras en zonas exteriores, aceras, se\u00f1al\u00e9tica y ha aplicado tratamientos antideslizantes en \u00e1reas de paso. Tambi\u00e9n se han revisado todos los ba\u00f1os adaptados, y se han instalado asientos con brazos m\u00e1s c\u00f3modos en salas de espera y espacios para permitir el paso de sillas de ruedas. \u201cEsta certificaci\u00f3n representa nuestro compromiso social con la igualdad de derechos y oportunidades a todas las personas, con independencia de sus caracter\u00edsticas\u201d, ha a\u00f1adido Maite Baviera del departamento de Calidad del centro.<\/p>\n<p>Manises tambi\u00e9n ha completado el proyecto con formaci\u00f3n espec\u00edfica a los trabajadores de atenci\u00f3n al p\u00fablico para garantizar una correcta atenci\u00f3n y servicio a las personas con discapacidad.<\/p>\n<p>Presentaci\u00f3n a colectivos de discapacitados<\/p>\n<p>El centro hospitalario ha presentado  el programa de accesibilidad en una Jornada de Puertas Abiertas a la que han acudido asociaciones relacionadas con la discapacidad, tanto nacionales como del \u00e1rea de salud. As\u00ed, ha estado presente el delegado de la ONCE en la Comunidad Valenciana, Jos\u00e9 Manuel Pichel, el presidente de la Asociaci\u00f3n de Discapacitados de Aldaia (ADFA), Antonio Contreras, as\u00ed como representantes de la Asociaci\u00f3n Valenciana de Personas Sordas o la Fundaci\u00f3n AFIM de ayuda al minusv\u00e1lido.<\/p>\n<p>Todas ellas han podido recorrer las instalaciones del hospital guiadas por los equipos de Calidad, Infraestructuras y Comunicaci\u00f3n del Hospital de Manises que han trabajado directamente en la certificaci\u00f3n. La visita, tambi\u00e9n accesible gracias a la presencia de un traductor de lengua de signos, ha permitido mostrar a estos colectivos las mejoras en los servicios y los detalles del proyecto.<\/p>\n<p>El centro ya cuenta con reconocimientos a la consolidaci\u00f3n de su sistema de gesti\u00f3n de calidad y medioambiente con las certificaciones de Calidad ISO 9001 en varios de sus procesos y la de Medio Ambiente ISO 14001 y ha alcanzado el nivel de excelencia EFQM 400+, reconocimiento a la excelencia en la gesti\u00f3n a nivel Europeo. Todo esto le ha valido el reconocimiento como el hospital valenciano con m\u00e1s \u00e1reas certificadas seg\u00fan el Registro Auton\u00f3mico de Certificaciones en Calidad.<\/p>\n","protected":false},"excerpt":{"rendered":"<div class=\"mh-excerpt\">El Hospital de Manises se ha convertido en un centro hospitalario 100 por ciento accesible a todos los usuarios al obtener la certificaci\u00f3n de Accesibilidad Universal UNE 170001. Este t\u00edtulo acredita que cualquier persona, con <a class=\"mh-excerpt-more\" href=\"https:\/\/www.tucomarca.com\/wordpress\/segunda\/manises-mejora-sus-instalaciones-y-logra-el-certificado-de-accesibilidad-universal\/\" title=\"Manises mejora sus instalaciones y logra el certificado de \u00abAccesibilidad Universal\u00bb\">[+] <\/a><\/div>\n","protected":false},"author":2,"featured_media":38733,"comment_status":"open","ping_status":"open","sticky":false,"template":"","format":"standard","meta":{"footnotes":""},"categories":[119,8,10,3],"tags":[8408,136,8409,527],"class_list":{"0":"post-38732","1":"post","2":"type-post","3":"status-publish","4":"format-standard","5":"has-post-thumbnail","7":"category-sanidad-la-comarca","8":"category-la-comarca","9":"category-la-hoya","10":"category-seccion","11":"tag-accesibilidad-universal","12":"tag-hospital-de-manises","13":"tag-mejora-de-instalaciones","14":"tag-reconocimiento"},"_links":{"self":[{"href":"https:\/\/www.tucomarca.com\/wordpress\/segunda\/wp-json\/wp\/v2\/posts\/38732","targetHints":{"allow":["GET"]}}],"collection":[{"href":"https:\/\/www.tucomarca.com\/wordpress\/segunda\/wp-json\/wp\/v2\/posts"}],"about":[{"href":"https:\/\/www.tucomarca.com\/wordpress\/segunda\/wp-json\/wp\/v2\/types\/post"}],"author":[{"embeddable":true,"href":"https:\/\/www.tucomarca.com\/wordpress\/segunda\/wp-json\/wp\/v2\/users\/2"}],"replies":[{"embeddable":true,"href":"https:\/\/www.tucomarca.com\/wordpress\/segunda\/wp-json\/wp\/v2\/comments?post=38732"}],"version-history":[{"count":0,"href":"https:\/\/www.tucomarca.com\/wordpress\/segunda\/wp-json\/wp\/v2\/posts\/38732\/revisions"}],"wp:featuredmedia":[{"embeddable":true,"href":"https:\/\/www.tucomarca.com\/wordpress\/segunda\/wp-json\/wp\/v2\/media\/38733"}],"wp:attachment":[{"href":"https:\/\/www.tucomarca.com\/wordpress\/segunda\/wp-json\/wp\/v2\/media?parent=38732"}],"wp:term":[{"taxonomy":"category","embeddable":true,"href":"https:\/\/www.tucomarca.com\/wordpress\/segunda\/wp-json\/wp\/v2\/categories?post=38732"},{"taxonomy":"post_tag","embeddable":true,"href":"https:\/\/www.tucomarca.com\/wordpress\/segunda\/wp-json\/wp\/v2\/tags?post=38732"}],"curies":[{"name":"wp","href":"https:\/\/api.w.org\/{rel}","templated":true}]}}