{"id":38757,"date":"2015-07-24T19:55:27","date_gmt":"2015-07-24T16:55:27","guid":{"rendered":"http:\/\/www.tucomarca.com\/wordpress\/segunda\/?p=38757"},"modified":"2015-07-24T19:55:27","modified_gmt":"2015-07-24T16:55:27","slug":"actuacion-de-la-banda-juvenil-de-la-artistica-de-bunol-en-el-auditorio","status":"publish","type":"post","link":"https:\/\/www.tucomarca.com\/wordpress\/segunda\/actuacion-de-la-banda-juvenil-de-la-artistica-de-bunol-en-el-auditorio\/","title":{"rendered":"Actuaci\u00f3n de la Banda Juvenil de \u00abLa Art\u00edstica\u00bb de Bu\u00f1ol en el Auditorio"},"content":{"rendered":"<p>La Banda Juvenil de la Sociedad Musical \u00abLa Art\u00edstica\u00bb de Bu\u00f1ol actuar\u00e1 este viernes 24 en el Auditorio Municipal a partir de las 22,30 horas. El acto es gratuito y ser\u00e1 dirigido por Luis G\u00f3mez Zan\u00f3n.<\/p>\n","protected":false},"excerpt":{"rendered":"<div class=\"mh-excerpt\">La Banda Juvenil de la Sociedad Musical \u00abLa Art\u00edstica\u00bb de Bu\u00f1ol actuar\u00e1 este viernes 24 en el Auditorio Municipal a partir de las 22,30 horas. El acto es gratuito y ser\u00e1 dirigido por Luis G\u00f3mez <a class=\"mh-excerpt-more\" href=\"https:\/\/www.tucomarca.com\/wordpress\/segunda\/actuacion-de-la-banda-juvenil-de-la-artistica-de-bunol-en-el-auditorio\/\" title=\"Actuaci\u00f3n de la Banda Juvenil de \u00abLa Art\u00edstica\u00bb de Bu\u00f1ol en el Auditorio\">[+] <\/a><\/div>\n","protected":false},"author":2,"featured_media":0,"comment_status":"open","ping_status":"open","sticky":false,"template":"","format":"standard","meta":{"footnotes":""},"categories":[4,3],"tags":[627,631,10385,735],"class_list":{"0":"post-38757","1":"post","2":"type-post","3":"status-publish","4":"format-standard","6":"category-agenda","7":"category-seccion","8":"tag-artistica","9":"tag-auditorio","10":"tag-bunol","11":"tag-juvenil"},"_links":{"self":[{"href":"https:\/\/www.tucomarca.com\/wordpress\/segunda\/wp-json\/wp\/v2\/posts\/38757","targetHints":{"allow":["GET"]}}],"collection":[{"href":"https:\/\/www.tucomarca.com\/wordpress\/segunda\/wp-json\/wp\/v2\/posts"}],"about":[{"href":"https:\/\/www.tucomarca.com\/wordpress\/segunda\/wp-json\/wp\/v2\/types\/post"}],"author":[{"embeddable":true,"href":"https:\/\/www.tucomarca.com\/wordpress\/segunda\/wp-json\/wp\/v2\/users\/2"}],"replies":[{"embeddable":true,"href":"https:\/\/www.tucomarca.com\/wordpress\/segunda\/wp-json\/wp\/v2\/comments?post=38757"}],"version-history":[{"count":0,"href":"https:\/\/www.tucomarca.com\/wordpress\/segunda\/wp-json\/wp\/v2\/posts\/38757\/revisions"}],"wp:attachment":[{"href":"https:\/\/www.tucomarca.com\/wordpress\/segunda\/wp-json\/wp\/v2\/media?parent=38757"}],"wp:term":[{"taxonomy":"category","embeddable":true,"href":"https:\/\/www.tucomarca.com\/wordpress\/segunda\/wp-json\/wp\/v2\/categories?post=38757"},{"taxonomy":"post_tag","embeddable":true,"href":"https:\/\/www.tucomarca.com\/wordpress\/segunda\/wp-json\/wp\/v2\/tags?post=38757"}],"curies":[{"name":"wp","href":"https:\/\/api.w.org\/{rel}","templated":true}]}}