{"id":38863,"date":"2015-07-31T12:00:31","date_gmt":"2015-07-31T09:00:31","guid":{"rendered":"http:\/\/www.tucomarca.com\/wordpress\/segunda\/?p=38863"},"modified":"2015-07-31T12:00:31","modified_gmt":"2015-07-31T09:00:31","slug":"se-abre-el-plazo-de-inscripcion-para-participar-en-la-volta-a-peu-de-loriguilla","status":"publish","type":"post","link":"https:\/\/www.tucomarca.com\/wordpress\/segunda\/se-abre-el-plazo-de-inscripcion-para-participar-en-la-volta-a-peu-de-loriguilla\/","title":{"rendered":"Se abre el plazo de inscripci\u00f3n para participar en la Volta a Peu de Loriguilla"},"content":{"rendered":"<p>El pr\u00f3ximo 26 de agosto tendr\u00e1 lugar la XIII Edici\u00f3n de la Volta a Peu a Loriguilla. Una cita tradicional en el calendario de Carreras Populares.<\/p>\n<p>La prueba junior tendr\u00e1 lugar a las 18.00 horas y a las 20.00 horas est\u00e1 prevista la salida de la categor\u00eda absoluta por un recorrido de 10.000 metros.<\/p>\n<p>Las inscripciones para participar en la misma para los NO LOCALES se realiza a trav\u00e9s del siguiente enlace:<br \/>\nhttp:\/\/www.megustacorrer.com\/informacion-evento\/?id=6006<\/p>\n<p>Los corredores LOCALES as\u00ed como los VOLUNTARIOS deben inscribirse de forma GRATUITA en el Pabell\u00f3n Deportivo Municipal.<\/p>\n","protected":false},"excerpt":{"rendered":"<div class=\"mh-excerpt\">El pr\u00f3ximo 26 de agosto tendr\u00e1 lugar la XIII Edici\u00f3n de la Volta a Peu a Loriguilla. Una cita tradicional en el calendario de Carreras Populares. La prueba junior tendr\u00e1 lugar a las 18.00 horas <a class=\"mh-excerpt-more\" href=\"https:\/\/www.tucomarca.com\/wordpress\/segunda\/se-abre-el-plazo-de-inscripcion-para-participar-en-la-volta-a-peu-de-loriguilla\/\" title=\"Se abre el plazo de inscripci\u00f3n para participar en la Volta a Peu de Loriguilla\">[+] <\/a><\/div>\n","protected":false},"author":2,"featured_media":0,"comment_status":"open","ping_status":"open","sticky":false,"template":"","format":"standard","meta":{"footnotes":""},"categories":[46,8,178,3],"tags":[1289,1096,10434,253],"class_list":{"0":"post-38863","1":"post","2":"type-post","3":"status-publish","4":"format-standard","6":"category-camp-de-turia","7":"category-la-comarca","8":"category-loriguilla","9":"category-seccion","10":"tag-apertura","11":"tag-inscripcion","12":"tag-loriguilla","13":"tag-vota-a-peu"},"_links":{"self":[{"href":"https:\/\/www.tucomarca.com\/wordpress\/segunda\/wp-json\/wp\/v2\/posts\/38863","targetHints":{"allow":["GET"]}}],"collection":[{"href":"https:\/\/www.tucomarca.com\/wordpress\/segunda\/wp-json\/wp\/v2\/posts"}],"about":[{"href":"https:\/\/www.tucomarca.com\/wordpress\/segunda\/wp-json\/wp\/v2\/types\/post"}],"author":[{"embeddable":true,"href":"https:\/\/www.tucomarca.com\/wordpress\/segunda\/wp-json\/wp\/v2\/users\/2"}],"replies":[{"embeddable":true,"href":"https:\/\/www.tucomarca.com\/wordpress\/segunda\/wp-json\/wp\/v2\/comments?post=38863"}],"version-history":[{"count":0,"href":"https:\/\/www.tucomarca.com\/wordpress\/segunda\/wp-json\/wp\/v2\/posts\/38863\/revisions"}],"wp:attachment":[{"href":"https:\/\/www.tucomarca.com\/wordpress\/segunda\/wp-json\/wp\/v2\/media?parent=38863"}],"wp:term":[{"taxonomy":"category","embeddable":true,"href":"https:\/\/www.tucomarca.com\/wordpress\/segunda\/wp-json\/wp\/v2\/categories?post=38863"},{"taxonomy":"post_tag","embeddable":true,"href":"https:\/\/www.tucomarca.com\/wordpress\/segunda\/wp-json\/wp\/v2\/tags?post=38863"}],"curies":[{"name":"wp","href":"https:\/\/api.w.org\/{rel}","templated":true}]}}