{"id":38944,"date":"2015-08-03T14:36:08","date_gmt":"2015-08-03T11:36:08","guid":{"rendered":"http:\/\/www.tucomarca.com\/wordpress\/segunda\/?p=38944"},"modified":"2015-08-03T14:36:13","modified_gmt":"2015-08-03T11:36:13","slug":"mas-de-500-motos-acompanan-a-bernat-martinez-en-su-ultima-vuelta-a-la-pista-del-circuit","status":"publish","type":"post","link":"https:\/\/www.tucomarca.com\/wordpress\/segunda\/mas-de-500-motos-acompanan-a-bernat-martinez-en-su-ultima-vuelta-a-la-pista-del-circuit\/","title":{"rendered":"M\u00e1s de 500 motos acompa\u00f1an a Bernat Mart\u00ednez en su \u00faltima vuelta a la pista del Circuit"},"content":{"rendered":"<p><a href=\"https:\/\/www.tucomarca.com\/wordpress\/segunda\/2015\/08\/mas-de-500-motos-acompanan-a-bernat-martinez-en-su-ultima-vuelta-a-la-pista-del-circuit\/circuit_2_01082015\/\" rel=\"attachment wp-att-38945\"><img loading=\"lazy\" decoding=\"async\" src=\"https:\/\/www.tucomarca.com\/wordpress\/segunda\/wp-content\/uploads\/2015\/08\/circuit_2_01082015-300x165.jpg\" alt=\"\" title=\"circuit_2_01082015\" width=\"300\" height=\"165\" class=\"alignleft size-medium wp-image-38945\" srcset=\"https:\/\/www.tucomarca.com\/wordpress\/segunda\/wp-content\/uploads\/2015\/08\/circuit_2_01082015-300x165.jpg 300w, https:\/\/www.tucomarca.com\/wordpress\/segunda\/wp-content\/uploads\/2015\/08\/circuit_2_01082015-1024x564.jpg 1024w\" sizes=\"auto, (max-width: 300px) 100vw, 300px\" \/><\/a>Los aficionados al motociclismo han despedido al piloto valenciano Bernat Mart\u00ednez que perdi\u00f3 la vida junto al gallego Dani Rivas en un tr\u00e1gico accidente en el circuito californiano de Laguna Seca el pasado 19 de julio.<\/p>\n<p>M\u00e1s de 500 motos han completado una vuelta al trazado de Cheste alrededor del coche f\u00fanebre con los restos mortales del piloto que posteriormente ha sido trasladado a su localidad natal, Alberic, para ser enterrado.<\/p>\n<p>En un breve acto en el que se ha celebrado un solemne minuto de silencio, el conseller de Educaci\u00f3n, Investigaci\u00f3n, Cultura y Deporte ha recordado la figura del Bernat Mart\u00ednez como \u00abun piloto que, pese a estar alejado de los focos medi\u00e1ticos, contaba con una reconocimiento un\u00e1nime en el mundo del motor en todos los sentidos y particularmente como uno de los mejores en las carreras que se celebran en los pueblo de todo el territorio valenciano\u00bb. El conseller ha trasladado a la familia del piloto las condolencias de la Generalitat Valenciana y ha agradecido \u00aba todos aficionados su apoyo y su solidaridad en estos duros momentos\u00bb.<\/p>\n<p>Los aficionados, los pilotos y las autoridades han dejado sus mensajes en un libro de condolencias que el conseller Marz\u00e0 ha entregado a la familia de Bernat Mart\u00ednez.<\/p>\n<p>En el acto ha participado el vicepresidente de la RFME, Alfredo Ter\u00e9 de la Rosa, y un grupo de pilotos con los campeones del mundo Manuel Champi Herreros y Nico Terol a la cabeza, adem\u00e1s de Jorge Navarro, H\u00e9ctor Faubel, \u00c1lex Deb\u00f3n, Gino Borsoi, Juan Bautista Borja y Juli\u00e1n Miralles.<\/p>\n<p>Como representante de los pilotos, el campe\u00f3n de Espa\u00f1a y subcampe\u00f3n del mundo, H\u00e9ctor Faubel, ha subrayado que \u00abson momentos muy duros\u00bb y ha recordado a Bernat Mart\u00ednez como \u00abun gran piloto, muy valiente y con el que ha compartido muchos momentos\u00bb.<\/p>\n<p>Finalmente, \u00c1lex Mart\u00ednez Mas, hermano peque\u00f1o del fallecido y tambi\u00e9n piloto de motociclismo, ha agradecido a los aficionados todo su apoyo \u00ablos que conoc\u00e9is a Bernat sab\u00e9is que si pudiera ver esto estar\u00eda muy contento\u00bb.<\/p>\n<p>Bajo la imagen del piloto cuando era piloto del equipo escuela del Circuit en el Europeo de Superstock en 2003 con el lema #PerSempreBernat76 los aficionados congregados frente a la torre de control que preside el Circuit han recordado adem\u00e1s al gallego Dani Rivas, que tambi\u00e9n recibe sepultura en la jornada de hoy.<\/p>\n","protected":false},"excerpt":{"rendered":"<div class=\"mh-excerpt\">Los aficionados al motociclismo han despedido al piloto valenciano Bernat Mart\u00ednez que perdi\u00f3 la vida junto al gallego Dani Rivas en un tr\u00e1gico accidente en el circuito californiano de Laguna Seca el pasado 19 de <a class=\"mh-excerpt-more\" href=\"https:\/\/www.tucomarca.com\/wordpress\/segunda\/mas-de-500-motos-acompanan-a-bernat-martinez-en-su-ultima-vuelta-a-la-pista-del-circuit\/\" title=\"M\u00e1s de 500 motos acompa\u00f1an a Bernat Mart\u00ednez en su \u00faltima vuelta a la pista del Circuit\">[+] <\/a><\/div>\n","protected":false},"author":2,"featured_media":38945,"comment_status":"open","ping_status":"open","sticky":false,"template":"","format":"standard","meta":{"footnotes":""},"categories":[17,8,72,10,3],"tags":[8478,8479,8480,8482,8481],"class_list":{"0":"post-38944","1":"post","2":"type-post","3":"status-publish","4":"format-standard","5":"has-post-thumbnail","7":"category-cheste","8":"category-la-comarca","9":"category-sin-categorizar","10":"category-la-hoya","11":"category-seccion","12":"tag-500-pilotos","13":"tag-acompanan","14":"tag-bernat-martinez","15":"tag-pista-del-circuit","16":"tag-ultima-vuelta"},"_links":{"self":[{"href":"https:\/\/www.tucomarca.com\/wordpress\/segunda\/wp-json\/wp\/v2\/posts\/38944","targetHints":{"allow":["GET"]}}],"collection":[{"href":"https:\/\/www.tucomarca.com\/wordpress\/segunda\/wp-json\/wp\/v2\/posts"}],"about":[{"href":"https:\/\/www.tucomarca.com\/wordpress\/segunda\/wp-json\/wp\/v2\/types\/post"}],"author":[{"embeddable":true,"href":"https:\/\/www.tucomarca.com\/wordpress\/segunda\/wp-json\/wp\/v2\/users\/2"}],"replies":[{"embeddable":true,"href":"https:\/\/www.tucomarca.com\/wordpress\/segunda\/wp-json\/wp\/v2\/comments?post=38944"}],"version-history":[{"count":0,"href":"https:\/\/www.tucomarca.com\/wordpress\/segunda\/wp-json\/wp\/v2\/posts\/38944\/revisions"}],"wp:featuredmedia":[{"embeddable":true,"href":"https:\/\/www.tucomarca.com\/wordpress\/segunda\/wp-json\/wp\/v2\/media\/38945"}],"wp:attachment":[{"href":"https:\/\/www.tucomarca.com\/wordpress\/segunda\/wp-json\/wp\/v2\/media?parent=38944"}],"wp:term":[{"taxonomy":"category","embeddable":true,"href":"https:\/\/www.tucomarca.com\/wordpress\/segunda\/wp-json\/wp\/v2\/categories?post=38944"},{"taxonomy":"post_tag","embeddable":true,"href":"https:\/\/www.tucomarca.com\/wordpress\/segunda\/wp-json\/wp\/v2\/tags?post=38944"}],"curies":[{"name":"wp","href":"https:\/\/api.w.org\/{rel}","templated":true}]}}