{"id":39063,"date":"2015-08-05T19:30:09","date_gmt":"2015-08-05T16:30:09","guid":{"rendered":"http:\/\/www.tucomarca.com\/wordpress\/segunda\/?p=39063"},"modified":"2015-08-05T19:30:15","modified_gmt":"2015-08-05T16:30:15","slug":"finalizan-las-serenatas-musicales-de-verano-en-chiva","status":"publish","type":"post","link":"https:\/\/www.tucomarca.com\/wordpress\/segunda\/finalizan-las-serenatas-musicales-de-verano-en-chiva\/","title":{"rendered":"Finalizan las serenatas musicales de verano en Chiva"},"content":{"rendered":"<p><figure id=\"attachment_39064\" aria-describedby=\"caption-attachment-39064\" style=\"width: 300px\" class=\"wp-caption alignleft\"><a href=\"https:\/\/www.tucomarca.com\/wordpress\/segunda\/2015\/08\/finalizan-las-serenatas-musicales-de-verano-en-chiva\/sm-artistica-de-chiva-2\/\" rel=\"attachment wp-att-39064\"><img loading=\"lazy\" decoding=\"async\" src=\"https:\/\/www.tucomarca.com\/wordpress\/segunda\/wp-content\/uploads\/2015\/08\/SM-Artistica-de-Chiva-2-300x168.jpg\" alt=\"\" title=\"SM Artistica de Chiva 2\" width=\"300\" height=\"168\" class=\"size-medium wp-image-39064\" srcset=\"https:\/\/www.tucomarca.com\/wordpress\/segunda\/wp-content\/uploads\/2015\/08\/SM-Artistica-de-Chiva-2-300x168.jpg 300w, https:\/\/www.tucomarca.com\/wordpress\/segunda\/wp-content\/uploads\/2015\/08\/SM-Artistica-de-Chiva-2-1024x576.jpg 1024w\" sizes=\"auto, (max-width: 300px) 100vw, 300px\" \/><\/a><figcaption id=\"caption-attachment-39064\" class=\"wp-caption-text\">La Banda Sinf\u00f3nica de Chiva en una de sus \u00faltimas actuaciones. tc.c<\/figcaption><\/figure>El pasado domingo d\u00eda 2 de agosto finalizaron las tradicionales Serenatas de Verano 2015 organizadas desde el \u00e1rea de cultura del Ayuntamiento de Chiva.<br \/>\nSiete han sido los conciertos realizados desde el 24 de junio en diferentes lugares del pueblo; tales como la Plaza de las Artes, el Paseo de San Isidro, el \u201cEspacio Cultural El Lavadero\u201d y el Paseo de la Argentina. Siete conciertos protagonizados por la Sociedad Musical la Art\u00edstica de Chiva, en los que actuaron tanto su banda Sinf\u00f3nica, como la Banda Juvenil, y la Orquesta de Pulso y P\u00faa \u201cVilla de Chiva\u201d.<br \/>\nDel \u00e9xito art\u00edstico en estos eventos fueron testigos cientos de chivanos asistentes a cada uno de ellos, un respuesta que asegura la continuidad de estas hist\u00f3ricas \u201cSerenatas de San Juan\u201d que se vienen celebrando en Chiva ya de forma centenaria.<br \/>\nPor otra parte, la Banda Sinf\u00f3nica de la Sociedad Musical \u201cLa Art\u00edstica\u201d de Chiva celebr\u00f3 el pasado domingo un concierto en el Parque Europa de la madrile\u00f1a ciudad de Torrej\u00f3n de Ardoz.<br \/>\nEste concierto se llev\u00f3 a cabo gracias a la colaboraci\u00f3n de los ayuntamientos de ambas poblaciones y dentro del viaje de fin de semana que \u201cLa Art\u00edstica\u201d organiza anualmente para disfrute de sus m\u00fasicos y socios.<br \/>\nSe interpretaron, bajo la batuta de su director titular, Miguel P\u00e9rez Ricarte, obras como los pasodobles \u201cA mi abuelo Leandro\u201d y \u201cEl Torico de la Cuerda\u201d, compuestos por los chivanos Manuel Morales y Luis Serrano, respectivamente, junto con piezas como \u201cLos Miserables\u201d o una selecci\u00f3n de \u201cAbba Gold\u201d, entre otras.<\/p>\n","protected":false},"excerpt":{"rendered":"<div class=\"mh-excerpt\">El pasado domingo d\u00eda 2 de agosto finalizaron las tradicionales Serenatas de Verano 2015 organizadas desde el \u00e1rea de cultura del Ayuntamiento de Chiva. Siete han sido los conciertos realizados desde el 24 de junio <a class=\"mh-excerpt-more\" href=\"https:\/\/www.tucomarca.com\/wordpress\/segunda\/finalizan-las-serenatas-musicales-de-verano-en-chiva\/\" title=\"Finalizan las serenatas musicales de verano en Chiva\">[+] <\/a><\/div>\n","protected":false},"author":2,"featured_media":39064,"comment_status":"open","ping_status":"open","sticky":false,"template":"","format":"standard","meta":{"footnotes":""},"categories":[66,16,8,10,3],"tags":[10384,7681,1393,889],"class_list":{"0":"post-39063","1":"post","2":"type-post","3":"status-publish","4":"format-standard","5":"has-post-thumbnail","7":"category-musica","8":"category-chiva","9":"category-la-comarca","10":"category-la-hoya","11":"category-seccion","12":"tag-chiva","13":"tag-finalizan","14":"tag-serenatas","15":"tag-verano"},"_links":{"self":[{"href":"https:\/\/www.tucomarca.com\/wordpress\/segunda\/wp-json\/wp\/v2\/posts\/39063","targetHints":{"allow":["GET"]}}],"collection":[{"href":"https:\/\/www.tucomarca.com\/wordpress\/segunda\/wp-json\/wp\/v2\/posts"}],"about":[{"href":"https:\/\/www.tucomarca.com\/wordpress\/segunda\/wp-json\/wp\/v2\/types\/post"}],"author":[{"embeddable":true,"href":"https:\/\/www.tucomarca.com\/wordpress\/segunda\/wp-json\/wp\/v2\/users\/2"}],"replies":[{"embeddable":true,"href":"https:\/\/www.tucomarca.com\/wordpress\/segunda\/wp-json\/wp\/v2\/comments?post=39063"}],"version-history":[{"count":0,"href":"https:\/\/www.tucomarca.com\/wordpress\/segunda\/wp-json\/wp\/v2\/posts\/39063\/revisions"}],"wp:featuredmedia":[{"embeddable":true,"href":"https:\/\/www.tucomarca.com\/wordpress\/segunda\/wp-json\/wp\/v2\/media\/39064"}],"wp:attachment":[{"href":"https:\/\/www.tucomarca.com\/wordpress\/segunda\/wp-json\/wp\/v2\/media?parent=39063"}],"wp:term":[{"taxonomy":"category","embeddable":true,"href":"https:\/\/www.tucomarca.com\/wordpress\/segunda\/wp-json\/wp\/v2\/categories?post=39063"},{"taxonomy":"post_tag","embeddable":true,"href":"https:\/\/www.tucomarca.com\/wordpress\/segunda\/wp-json\/wp\/v2\/tags?post=39063"}],"curies":[{"name":"wp","href":"https:\/\/api.w.org\/{rel}","templated":true}]}}