{"id":39097,"date":"2015-08-06T12:06:09","date_gmt":"2015-08-06T09:06:09","guid":{"rendered":"http:\/\/www.tucomarca.com\/wordpress\/segunda\/?p=39097"},"modified":"2015-08-06T12:06:09","modified_gmt":"2015-08-06T09:06:09","slug":"video-entrevista-con-el-nuevo-alcalde-de-chiva-emilio-morales-gaitan-compromis","status":"publish","type":"post","link":"https:\/\/www.tucomarca.com\/wordpress\/segunda\/video-entrevista-con-el-nuevo-alcalde-de-chiva-emilio-morales-gaitan-compromis\/","title":{"rendered":"V\u00eddeo: entrevista con el nuevo alcalde de Chiva, Emilio Morales Gait\u00e1n (Comprom\u00eds)"},"content":{"rendered":"<p>Aqu\u00ed os dejamos la v\u00eddeo entrevista realizada en las instalaciones de\u00a0<strong>tucomarca televisi\u00f3n<\/strong> al nuevo alcalde de Chiva, Emilio Morales Gait\u00e1n (Comprom\u00eds).<\/p>\n<p>&nbsp;<\/p>\n","protected":false},"excerpt":{"rendered":"<div class=\"mh-excerpt\">Aqu\u00ed os dejamos la v\u00eddeo entrevista realizada en las instalaciones de\u00a0tucomarca televisi\u00f3n al nuevo alcalde de Chiva, Emilio Morales Gait\u00e1n (Comprom\u00eds). &nbsp;<\/div>\n","protected":false},"author":1,"featured_media":0,"comment_status":"open","ping_status":"open","sticky":false,"template":"","format":"standard","meta":{"footnotes":""},"categories":[16,8,10,142,3,26],"tags":[],"class_list":{"0":"post-39097","1":"post","2":"type-post","3":"status-publish","4":"format-standard","6":"category-chiva","7":"category-la-comarca","8":"category-la-hoya","9":"category-politica-la-comarca","10":"category-seccion","11":"category-video"},"_links":{"self":[{"href":"https:\/\/www.tucomarca.com\/wordpress\/segunda\/wp-json\/wp\/v2\/posts\/39097","targetHints":{"allow":["GET"]}}],"collection":[{"href":"https:\/\/www.tucomarca.com\/wordpress\/segunda\/wp-json\/wp\/v2\/posts"}],"about":[{"href":"https:\/\/www.tucomarca.com\/wordpress\/segunda\/wp-json\/wp\/v2\/types\/post"}],"author":[{"embeddable":true,"href":"https:\/\/www.tucomarca.com\/wordpress\/segunda\/wp-json\/wp\/v2\/users\/1"}],"replies":[{"embeddable":true,"href":"https:\/\/www.tucomarca.com\/wordpress\/segunda\/wp-json\/wp\/v2\/comments?post=39097"}],"version-history":[{"count":0,"href":"https:\/\/www.tucomarca.com\/wordpress\/segunda\/wp-json\/wp\/v2\/posts\/39097\/revisions"}],"wp:attachment":[{"href":"https:\/\/www.tucomarca.com\/wordpress\/segunda\/wp-json\/wp\/v2\/media?parent=39097"}],"wp:term":[{"taxonomy":"category","embeddable":true,"href":"https:\/\/www.tucomarca.com\/wordpress\/segunda\/wp-json\/wp\/v2\/categories?post=39097"},{"taxonomy":"post_tag","embeddable":true,"href":"https:\/\/www.tucomarca.com\/wordpress\/segunda\/wp-json\/wp\/v2\/tags?post=39097"}],"curies":[{"name":"wp","href":"https:\/\/api.w.org\/{rel}","templated":true}]}}