{"id":3919,"date":"2012-06-21T12:01:57","date_gmt":"2012-06-21T10:01:57","guid":{"rendered":"http:\/\/www.tucomarca.com\/wordpress\/segunda\/?p=3919"},"modified":"2012-06-22T12:06:25","modified_gmt":"2012-06-22T10:06:25","slug":"el-vilonchelista-de-yatova-david-varona-actua-con-la-orquesta-de-valencia","status":"publish","type":"post","link":"https:\/\/www.tucomarca.com\/wordpress\/segunda\/el-vilonchelista-de-yatova-david-varona-actua-con-la-orquesta-de-valencia\/","title":{"rendered":"El vilonchelista de Y\u00e1tova, David Varona, act\u00faa con la Orquesta de Valencia"},"content":{"rendered":"<p><figure id=\"attachment_3920\" aria-describedby=\"caption-attachment-3920\" style=\"width: 300px\" class=\"wp-caption alignleft\"><a href=\"https:\/\/www.tucomarca.com\/wordpress\/segunda\/?attachment_id=3920\" rel=\"attachment wp-att-3920\"><img loading=\"lazy\" decoding=\"async\" src=\"https:\/\/www.tucomarca.com\/wordpress\/segunda\/wp-content\/uploads\/2012\/06\/varona-300x183.jpg\" alt=\"\" title=\"varona\" width=\"300\" height=\"183\" class=\"size-medium wp-image-3920\" srcset=\"https:\/\/www.tucomarca.com\/wordpress\/segunda\/wp-content\/uploads\/2012\/06\/varona-300x183.jpg 300w, https:\/\/www.tucomarca.com\/wordpress\/segunda\/wp-content\/uploads\/2012\/06\/varona.jpg 451w\" sizes=\"auto, (max-width: 300px) 100vw, 300px\" \/><\/a><figcaption id=\"caption-attachment-3920\" class=\"wp-caption-text\">El joven m\u00fasico de La Hoya. tc.c<\/figcaption><\/figure>El joven violonchelista de Y\u00e1tova, y antiguo alumnos del Conservatorio Profesional de M\u00fasica \u201cSan Rafael\u201d de Bu\u00f1ol, David Varona, act\u00faa este viernes, 22 de junio a las 19,30 horas, con la prestigiosa Orquesta de Valencia.<br \/>\nDespu\u00e9s de haber sido seleccionado para la ocasi\u00f3n, el m\u00fasico de la Hoya interpretar\u00e1 Kol Nidrei, Adagio para violonchelo y orquesta, op. 47, del compositor Max Bruch, un exigente repertorio que mostrar\u00e1 sus habilidades interpretativas con el violoncello. El concierto estar\u00e1 dirigido por Constantino Mart\u00ednez Orts.<br \/>\nVarona ha estudiado en el Conservatorio San Rafael de Bu\u00f1ol, en el Conservatorio Superior de Zaragoza y en la Escuela Superior de M\u00fasica de Catalunya, \u201cobteniendo siempre las mejores calificaciones y demostrando, desde muy joven, un gran talento musical \u201c, como ha resaltado la profesora de cello del Conservatorio San Rafael, Sheyla Carrascosa.<\/p>\n","protected":false},"excerpt":{"rendered":"<div class=\"mh-excerpt\">El joven violonchelista de Y\u00e1tova, y antiguo alumnos del Conservatorio Profesional de M\u00fasica \u201cSan Rafael\u201d de Bu\u00f1ol, David Varona, act\u00faa este viernes, 22 de junio a las 19,30 horas, con la prestigiosa Orquesta de Valencia. <a class=\"mh-excerpt-more\" href=\"https:\/\/www.tucomarca.com\/wordpress\/segunda\/el-vilonchelista-de-yatova-david-varona-actua-con-la-orquesta-de-valencia\/\" title=\"El vilonchelista de Y\u00e1tova, David Varona, act\u00faa con la Orquesta de Valencia\">[+] <\/a><\/div>\n","protected":false},"author":2,"featured_media":3920,"comment_status":"open","ping_status":"open","sticky":false,"template":"","format":"standard","meta":{"footnotes":""},"categories":[66,10,7,3,11],"tags":[315],"class_list":{"0":"post-3919","1":"post","2":"type-post","3":"status-publish","4":"format-standard","5":"has-post-thumbnail","7":"category-musica","8":"category-la-hoya","9":"category-ocio-y-cultura","10":"category-seccion","11":"category-yatova","12":"tag-violonchelista"},"_links":{"self":[{"href":"https:\/\/www.tucomarca.com\/wordpress\/segunda\/wp-json\/wp\/v2\/posts\/3919","targetHints":{"allow":["GET"]}}],"collection":[{"href":"https:\/\/www.tucomarca.com\/wordpress\/segunda\/wp-json\/wp\/v2\/posts"}],"about":[{"href":"https:\/\/www.tucomarca.com\/wordpress\/segunda\/wp-json\/wp\/v2\/types\/post"}],"author":[{"embeddable":true,"href":"https:\/\/www.tucomarca.com\/wordpress\/segunda\/wp-json\/wp\/v2\/users\/2"}],"replies":[{"embeddable":true,"href":"https:\/\/www.tucomarca.com\/wordpress\/segunda\/wp-json\/wp\/v2\/comments?post=3919"}],"version-history":[{"count":0,"href":"https:\/\/www.tucomarca.com\/wordpress\/segunda\/wp-json\/wp\/v2\/posts\/3919\/revisions"}],"wp:featuredmedia":[{"embeddable":true,"href":"https:\/\/www.tucomarca.com\/wordpress\/segunda\/wp-json\/wp\/v2\/media\/3920"}],"wp:attachment":[{"href":"https:\/\/www.tucomarca.com\/wordpress\/segunda\/wp-json\/wp\/v2\/media?parent=3919"}],"wp:term":[{"taxonomy":"category","embeddable":true,"href":"https:\/\/www.tucomarca.com\/wordpress\/segunda\/wp-json\/wp\/v2\/categories?post=3919"},{"taxonomy":"post_tag","embeddable":true,"href":"https:\/\/www.tucomarca.com\/wordpress\/segunda\/wp-json\/wp\/v2\/tags?post=3919"}],"curies":[{"name":"wp","href":"https:\/\/api.w.org\/{rel}","templated":true}]}}