{"id":39197,"date":"2015-08-11T19:16:25","date_gmt":"2015-08-11T16:16:25","guid":{"rendered":"http:\/\/www.tucomarca.com\/wordpress\/segunda\/?p=39197"},"modified":"2015-08-11T19:16:25","modified_gmt":"2015-08-11T16:16:25","slug":"la-diputacion-y-el-colegio-de-abogados-de-alzira-realizan-200-asistencias-a-afectados-por-los-desahucios-en-seis-meses","status":"publish","type":"post","link":"https:\/\/www.tucomarca.com\/wordpress\/segunda\/la-diputacion-y-el-colegio-de-abogados-de-alzira-realizan-200-asistencias-a-afectados-por-los-desahucios-en-seis-meses\/","title":{"rendered":"La Diputaci\u00f3n y el Colegio de Abogados de Alzira realizan 200 asistencias a afectados por los desahucios en seis meses"},"content":{"rendered":"<p>La Diputaci\u00f3n de Valencia y el Colegio de Abogados de Alzira han asistido de enero a junio un total de 199 afectados por esta problem\u00e1tica, residentes en el  partido judicial de Alzira.<\/p>\n<p>La entidad provincial y los Colegios de Abogados de Alzira, Valencia y Sueca mantienen un convenio de colaboraci\u00f3n para la prestaci\u00f3n del servicio de asesoramiento jur\u00eddico, mediaci\u00f3n, intermediaci\u00f3n y negociaci\u00f3n sobre los pr\u00e9stamos y arrendamientos relativos a  vivienda habitual.<\/p>\n<p>Estos servicios se ofrecen a los vecinos de los municipios integrados en el partido judicial de Alzira, que tengan alguna problem\u00e1tica jur\u00eddica como propietarios, usufructuarios o  arrendatarios  de inmuebles destinados a vivienda habitual.<\/p>\n<p>Colegio de Abogados de Alzira<\/p>\n<p>Concretamente, la aportaci\u00f3n provincial en estos dos primeros trimestres del a\u00f1o ha sido de 5.800 euros. El convenio entre la entidad provincial y el Colegio de Abogados de Alzira supone una aportaci\u00f3n provincial anual de 11.600 euros.<\/p>\n<p>Los servicios son prestados gratuitamente a los vecinos que est\u00e9n afectados por esta problem\u00e1tica mediante la intervenci\u00f3n de los municipios  integrados en el partido judicial de Alzira.<\/p>\n<p>Con esta iniciativa, el mediador pone a disposici\u00f3n de las partes las t\u00e9cnicas y la informaci\u00f3n necesaria para que puedan alcanzar acuerdos totales o parciales, evitando as\u00ed que necesariamente hayan de dejar en manos de la autoridad judicial la soluci\u00f3n total o parcial de sus conflictos.<\/p>\n","protected":false},"excerpt":{"rendered":"<div class=\"mh-excerpt\">La Diputaci\u00f3n de Valencia y el Colegio de Abogados de Alzira han asistido de enero a junio un total de 199 afectados por esta problem\u00e1tica, residentes en el partido judicial de Alzira. La entidad provincial <a class=\"mh-excerpt-more\" href=\"https:\/\/www.tucomarca.com\/wordpress\/segunda\/la-diputacion-y-el-colegio-de-abogados-de-alzira-realizan-200-asistencias-a-afectados-por-los-desahucios-en-seis-meses\/\" title=\"La Diputaci\u00f3n y el Colegio de Abogados de Alzira realizan 200 asistencias a afectados por los desahucios en seis meses\">[+] <\/a><\/div>\n","protected":false},"author":2,"featured_media":0,"comment_status":"open","ping_status":"open","sticky":false,"template":"","format":"standard","meta":{"footnotes":""},"categories":[69,8,42,3],"tags":[8562,10402,1626,94,204],"class_list":{"0":"post-39197","1":"post","2":"type-post","3":"status-publish","4":"format-standard","6":"category-alzira","7":"category-la-comarca","8":"category-la-ribera","9":"category-seccion","10":"tag-abogados","11":"tag-alzira","12":"tag-atencion","13":"tag-desahucios","14":"tag-diputacion"},"_links":{"self":[{"href":"https:\/\/www.tucomarca.com\/wordpress\/segunda\/wp-json\/wp\/v2\/posts\/39197","targetHints":{"allow":["GET"]}}],"collection":[{"href":"https:\/\/www.tucomarca.com\/wordpress\/segunda\/wp-json\/wp\/v2\/posts"}],"about":[{"href":"https:\/\/www.tucomarca.com\/wordpress\/segunda\/wp-json\/wp\/v2\/types\/post"}],"author":[{"embeddable":true,"href":"https:\/\/www.tucomarca.com\/wordpress\/segunda\/wp-json\/wp\/v2\/users\/2"}],"replies":[{"embeddable":true,"href":"https:\/\/www.tucomarca.com\/wordpress\/segunda\/wp-json\/wp\/v2\/comments?post=39197"}],"version-history":[{"count":0,"href":"https:\/\/www.tucomarca.com\/wordpress\/segunda\/wp-json\/wp\/v2\/posts\/39197\/revisions"}],"wp:attachment":[{"href":"https:\/\/www.tucomarca.com\/wordpress\/segunda\/wp-json\/wp\/v2\/media?parent=39197"}],"wp:term":[{"taxonomy":"category","embeddable":true,"href":"https:\/\/www.tucomarca.com\/wordpress\/segunda\/wp-json\/wp\/v2\/categories?post=39197"},{"taxonomy":"post_tag","embeddable":true,"href":"https:\/\/www.tucomarca.com\/wordpress\/segunda\/wp-json\/wp\/v2\/tags?post=39197"}],"curies":[{"name":"wp","href":"https:\/\/api.w.org\/{rel}","templated":true}]}}