{"id":39253,"date":"2015-08-13T12:01:37","date_gmt":"2015-08-13T09:01:37","guid":{"rendered":"http:\/\/www.tucomarca.com\/wordpress\/segunda\/?p=39253"},"modified":"2015-08-13T12:03:09","modified_gmt":"2015-08-13T09:03:09","slug":"video-la-agencia-valenciana-de-turismo-muestra-su-apoyo-al-mano-a-mano-de-bunol","status":"publish","type":"post","link":"https:\/\/www.tucomarca.com\/wordpress\/segunda\/video-la-agencia-valenciana-de-turismo-muestra-su-apoyo-al-mano-a-mano-de-bunol\/","title":{"rendered":"V\u00eddeo: la Agencia Valenciana de Turismo muestra su apoyo al &#8216;Mano a mano&#8217; de Bu\u00f1ol"},"content":{"rendered":"<p>Aqu\u00ed os dejamos el v\u00eddeo de la rueda de prensa ofrecida por responsables del consistorio de Bu\u00f1ol junto a los de la Agencia Valenciana de Turismo en la que \u00e9stos muestran su apoyo al concierto \u00abMano a mano\u00bb de la localidad entre ambas sociedades musicales bu\u00f1olenses.<\/p>\n","protected":false},"excerpt":{"rendered":"<div class=\"mh-excerpt\">Aqu\u00ed os dejamos el v\u00eddeo de la rueda de prensa ofrecida por responsables del consistorio de Bu\u00f1ol junto a los de la Agencia Valenciana de Turismo en la que \u00e9stos muestran su apoyo al concierto <a class=\"mh-excerpt-more\" href=\"https:\/\/www.tucomarca.com\/wordpress\/segunda\/video-la-agencia-valenciana-de-turismo-muestra-su-apoyo-al-mano-a-mano-de-bunol\/\" title=\"V\u00eddeo: la Agencia Valenciana de Turismo muestra su apoyo al &#8216;Mano a mano&#8217; de Bu\u00f1ol\">[+] <\/a><\/div>\n","protected":false},"author":1,"featured_media":0,"comment_status":"open","ping_status":"open","sticky":false,"template":"","format":"standard","meta":{"footnotes":""},"categories":[18,66,10,7,3,26],"tags":[],"class_list":{"0":"post-39253","1":"post","2":"type-post","3":"status-publish","4":"format-standard","6":"category-bunol","7":"category-musica","8":"category-la-hoya","9":"category-ocio-y-cultura","10":"category-seccion","11":"category-video"},"_links":{"self":[{"href":"https:\/\/www.tucomarca.com\/wordpress\/segunda\/wp-json\/wp\/v2\/posts\/39253","targetHints":{"allow":["GET"]}}],"collection":[{"href":"https:\/\/www.tucomarca.com\/wordpress\/segunda\/wp-json\/wp\/v2\/posts"}],"about":[{"href":"https:\/\/www.tucomarca.com\/wordpress\/segunda\/wp-json\/wp\/v2\/types\/post"}],"author":[{"embeddable":true,"href":"https:\/\/www.tucomarca.com\/wordpress\/segunda\/wp-json\/wp\/v2\/users\/1"}],"replies":[{"embeddable":true,"href":"https:\/\/www.tucomarca.com\/wordpress\/segunda\/wp-json\/wp\/v2\/comments?post=39253"}],"version-history":[{"count":0,"href":"https:\/\/www.tucomarca.com\/wordpress\/segunda\/wp-json\/wp\/v2\/posts\/39253\/revisions"}],"wp:attachment":[{"href":"https:\/\/www.tucomarca.com\/wordpress\/segunda\/wp-json\/wp\/v2\/media?parent=39253"}],"wp:term":[{"taxonomy":"category","embeddable":true,"href":"https:\/\/www.tucomarca.com\/wordpress\/segunda\/wp-json\/wp\/v2\/categories?post=39253"},{"taxonomy":"post_tag","embeddable":true,"href":"https:\/\/www.tucomarca.com\/wordpress\/segunda\/wp-json\/wp\/v2\/tags?post=39253"}],"curies":[{"name":"wp","href":"https:\/\/api.w.org\/{rel}","templated":true}]}}