{"id":39278,"date":"2015-08-14T14:34:50","date_gmt":"2015-08-14T11:34:50","guid":{"rendered":"http:\/\/www.tucomarca.com\/wordpress\/segunda\/?p=39278"},"modified":"2015-08-14T14:34:50","modified_gmt":"2015-08-14T11:34:50","slug":"el-hospital-de-manises-se-incorpora-al-proyecto-nacional-doctor-tea-para-ninos-con-autismo","status":"publish","type":"post","link":"https:\/\/www.tucomarca.com\/wordpress\/segunda\/el-hospital-de-manises-se-incorpora-al-proyecto-nacional-doctor-tea-para-ninos-con-autismo\/","title":{"rendered":"El Hospital de Manises se incorpora al proyecto nacional Doctor Tea para ni\u00f1os con autismo"},"content":{"rendered":"<p>El Hospital de Manises es uno de los primeros centros de la Comunitat en incorporarse al proyecto nacional Doctor Tea impulsado por el Hospital General Universitario Gregorio Mara\u00f1\u00f3n con el fin de hacer m\u00e1s accesibles los hospitales para los ni\u00f1os con Trastornos del Espectro Autista (TEA). As\u00ed, desde Doctor TEA los hospitales colaboradores facilitan informaci\u00f3n sobre las pr\u00e1cticas m\u00e9dicas m\u00e1s frecuentes en estos ni\u00f1os y tambi\u00e9n proporcionan consejos pr\u00e1cticos para las familias.<\/p>\n<p>Pictogramas anticipativos<\/p>\n<p>El Hospital de Manises ha presentado a Doctor TEA el Plan de Adaptaci\u00f3n al Entorno Hospitalario creado por su Unidad de Neurorrehabilitaci\u00f3n Infantil para el Servicio de Urgencias Pedi\u00e1tricas. El programa est\u00e1 basado en la utilizaci\u00f3n de paneles con pictogramas, una serie de dibujos que explican la secuencia y el modo en que suceden las cosas cuando los pacientes llegan al hospital. \u201cExplican de forma visual y muy did\u00e1ctica todas las acciones que pueden acontecer durante la estancia del ni\u00f1o en la consulta m\u00e9dica\u201d, se\u00f1ala Mar\u00eda Jes\u00fas Lluch, logopeda de la Unidad.<\/p>\n<p>De hecho, los profesionales del centro han constatado que la aplicaci\u00f3n de estos paneles favorece la disminuci\u00f3n de la ansiedad por parte de los ni\u00f1os y sus padres, mejora el control del ambiente, y la comprensi\u00f3n de la situaci\u00f3n por parte del menor gracias a los apoyos visuales. Estos paneles est\u00e1n visibles en todo el Servicio y tambi\u00e9n se pueden descargar en la web del hospital con el fin de que los padres puedan verlos en casa con sus hijos para asimilar los contenidos en previsi\u00f3n de una posible visita m\u00e9dica.<\/p>\n<p>\u201cHemos querido compartir nuestra experiencia y modelo de adaptaci\u00f3n con otros hospitales y familias de toda Espa\u00f1a a trav\u00e9s de Doctor TEA. Desde aqu\u00ed tambi\u00e9n podr\u00e1n descargarse nuestros paneles y utilizarlos en caso necesario\u201d, destaca Mar\u00eda Isabel Cabezudo, psic\u00f3loga cl\u00ednica de la Unidad.  En la actualidad, el Hospital de Manises trata a m\u00e1s de 96 ni\u00f1os con Trastornos del Espectro Autista (TEA) y Da\u00f1o Cerebral en su Unidad de Neurorrehabilitaci\u00f3n Infantil.<\/p>\n","protected":false},"excerpt":{"rendered":"<div class=\"mh-excerpt\">El Hospital de Manises es uno de los primeros centros de la Comunitat en incorporarse al proyecto nacional Doctor Tea impulsado por el Hospital General Universitario Gregorio Mara\u00f1\u00f3n con el fin de hacer m\u00e1s accesibles <a class=\"mh-excerpt-more\" href=\"https:\/\/www.tucomarca.com\/wordpress\/segunda\/el-hospital-de-manises-se-incorpora-al-proyecto-nacional-doctor-tea-para-ninos-con-autismo\/\" title=\"El Hospital de Manises se incorpora al proyecto nacional Doctor Tea para ni\u00f1os con autismo\">[+] <\/a><\/div>\n","protected":false},"author":2,"featured_media":0,"comment_status":"open","ping_status":"open","sticky":false,"template":"","format":"standard","meta":{"footnotes":""},"categories":[119,8,10,3],"tags":[8581,136,8582,569,4146],"class_list":{"0":"post-39278","1":"post","2":"type-post","3":"status-publish","4":"format-standard","6":"category-sanidad-la-comarca","7":"category-la-comarca","8":"category-la-hoya","9":"category-seccion","10":"tag-doctor-tea","11":"tag-hospital-de-manises","12":"tag-ninos-con-autismo","13":"tag-proyecto","14":"tag-se-incorpora"},"_links":{"self":[{"href":"https:\/\/www.tucomarca.com\/wordpress\/segunda\/wp-json\/wp\/v2\/posts\/39278","targetHints":{"allow":["GET"]}}],"collection":[{"href":"https:\/\/www.tucomarca.com\/wordpress\/segunda\/wp-json\/wp\/v2\/posts"}],"about":[{"href":"https:\/\/www.tucomarca.com\/wordpress\/segunda\/wp-json\/wp\/v2\/types\/post"}],"author":[{"embeddable":true,"href":"https:\/\/www.tucomarca.com\/wordpress\/segunda\/wp-json\/wp\/v2\/users\/2"}],"replies":[{"embeddable":true,"href":"https:\/\/www.tucomarca.com\/wordpress\/segunda\/wp-json\/wp\/v2\/comments?post=39278"}],"version-history":[{"count":0,"href":"https:\/\/www.tucomarca.com\/wordpress\/segunda\/wp-json\/wp\/v2\/posts\/39278\/revisions"}],"wp:attachment":[{"href":"https:\/\/www.tucomarca.com\/wordpress\/segunda\/wp-json\/wp\/v2\/media?parent=39278"}],"wp:term":[{"taxonomy":"category","embeddable":true,"href":"https:\/\/www.tucomarca.com\/wordpress\/segunda\/wp-json\/wp\/v2\/categories?post=39278"},{"taxonomy":"post_tag","embeddable":true,"href":"https:\/\/www.tucomarca.com\/wordpress\/segunda\/wp-json\/wp\/v2\/tags?post=39278"}],"curies":[{"name":"wp","href":"https:\/\/api.w.org\/{rel}","templated":true}]}}