{"id":39455,"date":"2015-08-24T12:40:05","date_gmt":"2015-08-24T09:40:05","guid":{"rendered":"http:\/\/www.tucomarca.com\/wordpress\/segunda\/?p=39455"},"modified":"2015-08-24T12:40:05","modified_gmt":"2015-08-24T09:40:05","slug":"la-guardia-civil-recata-a-dos-personas-en-el-rio-tuejar","status":"publish","type":"post","link":"https:\/\/www.tucomarca.com\/wordpress\/segunda\/la-guardia-civil-recata-a-dos-personas-en-el-rio-tuejar\/","title":{"rendered":"La Guardia Civil recata a dos personas en el r\u00edo Tu\u00e9jar"},"content":{"rendered":"<p>La Guardia Civil tuvo conocimiento sobre las 21:26 horas del pasado d\u00eda 21 de agosto de que una pareja  se encontraba atrapada en un aparcadero cercano al Pico de la Nevera en las inmediaciones del r\u00edo Tuejar, si bien con el veh\u00edculo que utilizan no pueden regresar por los badenes inundables debido a las intensas lluvias ca\u00eddas en la zona.<\/p>\n<p>Por parte de comunicante se indic\u00f3 a la Guardia Civil que no corren peligro alguno y que tiene pensado pasar la noche en veh\u00edculo junto a su pareja, que una vez baje el nivel de las aguas regresar\u00e1n.<\/p>\n<p>A las 08:30 horas del d\u00eda 22 de agosto se vuelve a iniciar el Servicio de rescate de estas personas al no haber descendido el nivel de las aguas y no poder salir del lugar con el veh\u00edculo que utilizaban. <\/p>\n<p>Se mantiene entrevista con el llamante comunicando \u00e9ste el lugar aproximado donde se encuentran atrapados<\/p>\n<p>Inmediatamente, y tras valorar las posibilidades de extracci\u00f3n una patrulla del Puesto de la Guardia Civil de de Villar del Arzobispo, provista de un veh\u00edculo todo terreno adecuado y, tras atravesar varios badenes inundables con alguna dificultad, se ocaliza a la pareja en buen estado en torno a las 10:10 horas de la ma\u00f1ana en la Rambla de Arquela, a unos 6 Kms de la localidad de Tu\u00e9jar.<\/p>\n<p>Los auxiliados no precisaron asistencia m\u00e9dica, siendo trasladados hasta el camping donde se encontraban pasando unos d\u00edas, si bien el turismo que utilizaban ha tenido que permanecer en el lugar  hasta que mejoren las v\u00edas de salida del lugar<\/p>\n<p>A destacar que gracias al conocimiento de la zona y la r\u00e1pida intervenci\u00f3n se pudo evitar un mal mayor.<\/p>\n","protected":false},"excerpt":{"rendered":"<div class=\"mh-excerpt\">La Guardia Civil tuvo conocimiento sobre las 21:26 horas del pasado d\u00eda 21 de agosto de que una pareja se encontraba atrapada en un aparcadero cercano al Pico de la Nevera en las inmediaciones del <a class=\"mh-excerpt-more\" href=\"https:\/\/www.tucomarca.com\/wordpress\/segunda\/la-guardia-civil-recata-a-dos-personas-en-el-rio-tuejar\/\" title=\"La Guardia Civil recata a dos personas en el r\u00edo Tu\u00e9jar\">[+] <\/a><\/div>\n","protected":false},"author":2,"featured_media":0,"comment_status":"open","ping_status":"open","sticky":false,"template":"","format":"standard","meta":{"footnotes":""},"categories":[8,59,3,116,134],"tags":[1098,2596,10413,8647],"class_list":{"0":"post-39455","1":"post","2":"type-post","3":"status-publish","4":"format-standard","6":"category-la-comarca","7":"category-los-serranos","8":"category-seccion","9":"category-sucesos-la-comarca","10":"category-tuejar","11":"tag-guardia-civil","12":"tag-rescate","13":"tag-tuejar","14":"tag-zona-rio"},"_links":{"self":[{"href":"https:\/\/www.tucomarca.com\/wordpress\/segunda\/wp-json\/wp\/v2\/posts\/39455","targetHints":{"allow":["GET"]}}],"collection":[{"href":"https:\/\/www.tucomarca.com\/wordpress\/segunda\/wp-json\/wp\/v2\/posts"}],"about":[{"href":"https:\/\/www.tucomarca.com\/wordpress\/segunda\/wp-json\/wp\/v2\/types\/post"}],"author":[{"embeddable":true,"href":"https:\/\/www.tucomarca.com\/wordpress\/segunda\/wp-json\/wp\/v2\/users\/2"}],"replies":[{"embeddable":true,"href":"https:\/\/www.tucomarca.com\/wordpress\/segunda\/wp-json\/wp\/v2\/comments?post=39455"}],"version-history":[{"count":0,"href":"https:\/\/www.tucomarca.com\/wordpress\/segunda\/wp-json\/wp\/v2\/posts\/39455\/revisions"}],"wp:attachment":[{"href":"https:\/\/www.tucomarca.com\/wordpress\/segunda\/wp-json\/wp\/v2\/media?parent=39455"}],"wp:term":[{"taxonomy":"category","embeddable":true,"href":"https:\/\/www.tucomarca.com\/wordpress\/segunda\/wp-json\/wp\/v2\/categories?post=39455"},{"taxonomy":"post_tag","embeddable":true,"href":"https:\/\/www.tucomarca.com\/wordpress\/segunda\/wp-json\/wp\/v2\/tags?post=39455"}],"curies":[{"name":"wp","href":"https:\/\/api.w.org\/{rel}","templated":true}]}}