{"id":39491,"date":"2015-08-25T19:39:42","date_gmt":"2015-08-25T16:39:42","guid":{"rendered":"http:\/\/www.tucomarca.com\/wordpress\/segunda\/?p=39491"},"modified":"2015-08-25T19:39:42","modified_gmt":"2015-08-25T16:39:42","slug":"el-ayuntamiento-de-requena-y-ecovidrio-fomentan-el-reciclado-de-vidrio-durante-la-feria-y-fiesta-de-la-vendimia","status":"publish","type":"post","link":"https:\/\/www.tucomarca.com\/wordpress\/segunda\/el-ayuntamiento-de-requena-y-ecovidrio-fomentan-el-reciclado-de-vidrio-durante-la-feria-y-fiesta-de-la-vendimia\/","title":{"rendered":"El Ayuntamiento de Requena y Ecovidrio fomentan el reciclado de vidrio durante la Feria y Fiesta de la Vendimia"},"content":{"rendered":"<p>El Ayuntamiento de Requena y Ecovidrio, entidad sin \u00e1nimo de lucro encargada de la gesti\u00f3n del reciclado de envases de vidrio en Espa\u00f1a, ponen en marcha una campa\u00f1a para la promoci\u00f3n del reciclado de envases de vidrio durante la celebraci\u00f3n de FEREV\u00cdN. <\/p>\n<p>La iniciativa, que se desarrollar\u00e1 entre el 27 y 30 de agosto, pretende concienciar a los ciudadanos de Requena y especialmente a los asistentes a la Feria Requenense del Vino sobre la importancia de separar selectivamente el vidrio. Para ello, los responsables de Ecovidrio tendr\u00e1n un punto en la Feria y una ecopatrulla que distribuir\u00e1 cubos a los asociados que tienen presencia en FEREV\u00cdN para que almacenen los residuos de envases de vidrio que generen. Asimismo, para apoyar la labor de reciclado, la ecopatrulla colaborar\u00e1 con la retirada de los cubos que se vayan llenando y de su vaciado en los contenedores decorados para el evento y que se sit\u00faan en las inmediaciones de las instalaciones. <\/p>\n<p>La campa\u00f1a contar\u00e1, adem\u00e1s, con un punto de informaci\u00f3n que informar\u00e1 a los asistentes a la feria del proceso del reciclado del vidrio y les obsequiar\u00e1 con alg\u00fan detalle de Ecovidrio. <\/p>\n<p>Datos de reciclado de vidrio en Requena<\/p>\n<p>Seg\u00fan los \u00faltimos datos disponibles (2014), cada ciudadano de Requena recicl\u00f3 una media de 20,4 kilogramos de vidrio, bastante superior a la media regional (15,7 Kg\/hab.)<br \/>\nRespecto a la tasa de contenerizaci\u00f3n, Requena se sit\u00faa con una media de 167 habitantes por contenedor, contando en la actualidad con un total de 125 igl\u00faes para los residuos de envases de vidrio instalados en el municipio.<\/p>\n<p>Beneficios para el medio ambiente<\/p>\n<p>Ecovidrio garantiza que el 100% del vidrio que se recupera en los contenedores es reciclado para fabricar nuevos envases de vidrio y lograr m\u00faltiples beneficios para el medio ambiente y la sociedad. <\/p>\n<p>Con un gesto tan sencillo como el de separar las botellas, botellines, tarros y frascos usados para depositarlos despu\u00e9s en los contenedores, se reduce el consumo de energ\u00eda, se ahorran materias primas y se disminuyen los vertederos y la contaminaci\u00f3n del aire.<\/p>\n<p>Los contenedores de vidrio situados en las calles sirven para recoger \u00fanicamente los envases de vidrio: botellas, botellines, tarros y frascos que se consumen en los hogares y en el sector de la hosteler\u00eda, la restauraci\u00f3n y el catering. Hay otros materiales como la cer\u00e1mica u otros tipos de vidrio (platos, vasos, cristales de ventanas, etc.), que al tener una composici\u00f3n distinta a la del vidrio de los envases, deben ser depositados en los puntos limpios de los pueblos y ciudades.<\/p>\n<p>\u00bfQu\u00e9 es Ecovidrio?<\/p>\n<p>Ecovidrio es una entidad sin \u00e1nimo de lucro encargada de la gesti\u00f3n del reciclado de los residuos de envases de vidrio en los contenedores verdes. Ecovidrio se encarga de gestionar la recogida selectiva de envases de vidrio mediante la instalaci\u00f3n de contenedores para facilitar la colaboraci\u00f3n ciudadana y garantizando su reciclado. Adem\u00e1s, realiza campa\u00f1as de sensibilizaci\u00f3n ciudadana y promueve la prevenci\u00f3n estimulando la reducci\u00f3n del volumen de los residuos que se generan.<\/p>\n<p>Recordamos que el 100 por ciento del vidrio depositado en los contenedores se recicla y es usado para fabricar nuevos envases de vidrio, logrando numerosos beneficios medioambientales.<\/p>\n","protected":false},"excerpt":{"rendered":"<div class=\"mh-excerpt\">El Ayuntamiento de Requena y Ecovidrio, entidad sin \u00e1nimo de lucro encargada de la gesti\u00f3n del reciclado de envases de vidrio en Espa\u00f1a, ponen en marcha una campa\u00f1a para la promoci\u00f3n del reciclado de envases <a class=\"mh-excerpt-more\" href=\"https:\/\/www.tucomarca.com\/wordpress\/segunda\/el-ayuntamiento-de-requena-y-ecovidrio-fomentan-el-reciclado-de-vidrio-durante-la-feria-y-fiesta-de-la-vendimia\/\" title=\"El Ayuntamiento de Requena y Ecovidrio fomentan el reciclado de vidrio durante la Feria y Fiesta de la Vendimia\">[+] <\/a><\/div>\n","protected":false},"author":2,"featured_media":0,"comment_status":"open","ping_status":"open","sticky":false,"template":"","format":"standard","meta":{"footnotes":""},"categories":[8,28,27,3],"tags":[1115,6896,8660,1067,10388],"class_list":{"0":"post-39491","1":"post","2":"type-post","3":"status-publish","4":"format-standard","6":"category-la-comarca","7":"category-requena","8":"category-requena-utiel","9":"category-seccion","10":"tag-ayuntamiento","11":"tag-ecovidrio","12":"tag-fiesta-vendimia","13":"tag-reciclaje","14":"tag-requena"},"_links":{"self":[{"href":"https:\/\/www.tucomarca.com\/wordpress\/segunda\/wp-json\/wp\/v2\/posts\/39491","targetHints":{"allow":["GET"]}}],"collection":[{"href":"https:\/\/www.tucomarca.com\/wordpress\/segunda\/wp-json\/wp\/v2\/posts"}],"about":[{"href":"https:\/\/www.tucomarca.com\/wordpress\/segunda\/wp-json\/wp\/v2\/types\/post"}],"author":[{"embeddable":true,"href":"https:\/\/www.tucomarca.com\/wordpress\/segunda\/wp-json\/wp\/v2\/users\/2"}],"replies":[{"embeddable":true,"href":"https:\/\/www.tucomarca.com\/wordpress\/segunda\/wp-json\/wp\/v2\/comments?post=39491"}],"version-history":[{"count":0,"href":"https:\/\/www.tucomarca.com\/wordpress\/segunda\/wp-json\/wp\/v2\/posts\/39491\/revisions"}],"wp:attachment":[{"href":"https:\/\/www.tucomarca.com\/wordpress\/segunda\/wp-json\/wp\/v2\/media?parent=39491"}],"wp:term":[{"taxonomy":"category","embeddable":true,"href":"https:\/\/www.tucomarca.com\/wordpress\/segunda\/wp-json\/wp\/v2\/categories?post=39491"},{"taxonomy":"post_tag","embeddable":true,"href":"https:\/\/www.tucomarca.com\/wordpress\/segunda\/wp-json\/wp\/v2\/tags?post=39491"}],"curies":[{"name":"wp","href":"https:\/\/api.w.org\/{rel}","templated":true}]}}