{"id":39493,"date":"2015-08-25T19:46:35","date_gmt":"2015-08-25T16:46:35","guid":{"rendered":"http:\/\/www.tucomarca.com\/wordpress\/segunda\/?p=39493"},"modified":"2015-08-25T19:47:06","modified_gmt":"2015-08-25T16:47:06","slug":"les-rutes-turistiques-mediambientals-tornen-al-setembre","status":"publish","type":"post","link":"https:\/\/www.tucomarca.com\/wordpress\/segunda\/les-rutes-turistiques-mediambientals-tornen-al-setembre\/","title":{"rendered":"Les Rutes Tur\u00edstiques Mediambientals tornen al setembre"},"content":{"rendered":"<p><a href=\"https:\/\/www.tucomarca.com\/wordpress\/segunda\/2015\/08\/les-rutes-turistiques-mediambientals-tornen-al-setembre\/dipu-rutas\/\" rel=\"attachment wp-att-39494\"><img loading=\"lazy\" decoding=\"async\" src=\"https:\/\/www.tucomarca.com\/wordpress\/segunda\/wp-content\/uploads\/2015\/08\/Dipu-rutas-e1440521160890-300x145.jpg\" alt=\"\" title=\"Dipu rutas\" width=\"300\" height=\"145\" class=\"alignleft size-medium wp-image-39494\" srcset=\"https:\/\/www.tucomarca.com\/wordpress\/segunda\/wp-content\/uploads\/2015\/08\/Dipu-rutas-e1440521160890-300x145.jpg 300w, https:\/\/www.tucomarca.com\/wordpress\/segunda\/wp-content\/uploads\/2015\/08\/Dipu-rutas-e1440521160890-1024x496.jpg 1024w\" sizes=\"auto, (max-width: 300px) 100vw, 300px\" \/><\/a>El Patronat Provincial de Turisme Val\u00e8ncia, Terra i Mar ha posat en marxa la tercera edici\u00f3 del programa Rutes Tur\u00edstiques Mediambientals amb l\u2019objectiu de dinamitzar el sector tur\u00edstic dels municipis m\u00e9s afectats pels incendis de l\u2019estiu del 2012.<\/p>\n<p>Despr\u00e9s de la interrupci\u00f3 del programa els mesos d\u2019estiu, les rutes tornen al mes de setembre. <\/p>\n<p>Segons la diputada de Turisme \u00abaquest programa, que va atraure l&#8217;any passat a m\u00e9s de 7.000 persones, permet conscienciar els visitants sobre la riquesa natural de l&#8217;interior de la prov\u00edncia de Val\u00e8ncia i la necessitat de cuidar-la, protegir-la i preservar-la\u00bb i, a m\u00e9s, donar a con\u00e8ixer els municipis de l&#8217;interior de la prov\u00edncia a preus molt econ\u00f2mics\u00bb.<\/p>\n<p>Aquesta iniciativa t\u00e9 com a objectiu donar a con\u00e9ixer els principals recursos tur\u00edstics mitjan\u00e7ant rutes tur\u00edstiques amb autob\u00fas dels municipis d\u2019Alcublas, Andilla, Bugarra, Catadau, Cortes de Pall\u00e1s, Chulilla, Dos Aguas, Gestalgar, Llombai, Macastre, Montroi, Sot de Chera, Tur\u00eds i Y\u00e1tova. <\/p>\n<p>A causa dels despreniments en la carretera CV-428 d\u2019acc\u00e9s a Cortes de Pall\u00e1s no es podr\u00e0 realitzar l\u2019itinerari a aquest municipi durant aquesta edici\u00f3 del programa.<\/p>\n<p>Les rutes, que es faran entre els mesos de setembre i novembre, inclouen visites guiades als seus monuments, paratges naturals, rutes, esmorzar, visita de conscienciaci\u00f3 mediambiental a alguna zona afectada pels incendis, tallers i temps lliure per a passejar o fer compres.<\/p>\n<p>Cada excursi\u00f3 d\u2019un dia t\u00e9 un preu ajustat per a col\u00b7lectius i associacions, que varia entre els 8 euros i els 13 euros segons el municipi, i un altre m\u00e9s econ\u00f2mic per als escolars, entre els 7 euros i els 11 euros, tamb\u00e9 segons la localitat.<\/p>\n<p>Les rutes tur\u00edstiques mediambientals estan dirigides a escolars i associacions de la prov\u00edncia de Val\u00e8ncia que han de sol\u00b7licitar la ruta a l\u2019Ajuntament del municipi incl\u00f2s en el programa que vullguen visitar.<\/p>\n","protected":false},"excerpt":{"rendered":"<div class=\"mh-excerpt\">El Patronat Provincial de Turisme Val\u00e8ncia, Terra i Mar ha posat en marxa la tercera edici\u00f3 del programa Rutes Tur\u00edstiques Mediambientals amb l\u2019objectiu de dinamitzar el sector tur\u00edstic dels municipis m\u00e9s afectats pels incendis de <a class=\"mh-excerpt-more\" href=\"https:\/\/www.tucomarca.com\/wordpress\/segunda\/les-rutes-turistiques-mediambientals-tornen-al-setembre\/\" title=\"Les Rutes Tur\u00edstiques Mediambientals tornen al setembre\">[+] <\/a><\/div>\n","protected":false},"author":2,"featured_media":39494,"comment_status":"open","ping_status":"open","sticky":false,"template":"","format":"standard","meta":{"footnotes":""},"categories":[8,72,10,42,59,3,43,45],"tags":[3675,8665,8661,8664,8663],"class_list":{"0":"post-39493","1":"post","2":"type-post","3":"status-publish","4":"format-standard","5":"has-post-thumbnail","7":"category-la-comarca","8":"category-sin-categorizar","9":"category-la-hoya","10":"category-la-ribera","11":"category-los-serranos","12":"category-seccion","13":"category-turis","14":"category-ventana","15":"tag-diputacio","16":"tag-mediambientals","17":"tag-rutes","18":"tag-setembre","19":"tag-tornen"},"_links":{"self":[{"href":"https:\/\/www.tucomarca.com\/wordpress\/segunda\/wp-json\/wp\/v2\/posts\/39493","targetHints":{"allow":["GET"]}}],"collection":[{"href":"https:\/\/www.tucomarca.com\/wordpress\/segunda\/wp-json\/wp\/v2\/posts"}],"about":[{"href":"https:\/\/www.tucomarca.com\/wordpress\/segunda\/wp-json\/wp\/v2\/types\/post"}],"author":[{"embeddable":true,"href":"https:\/\/www.tucomarca.com\/wordpress\/segunda\/wp-json\/wp\/v2\/users\/2"}],"replies":[{"embeddable":true,"href":"https:\/\/www.tucomarca.com\/wordpress\/segunda\/wp-json\/wp\/v2\/comments?post=39493"}],"version-history":[{"count":0,"href":"https:\/\/www.tucomarca.com\/wordpress\/segunda\/wp-json\/wp\/v2\/posts\/39493\/revisions"}],"wp:featuredmedia":[{"embeddable":true,"href":"https:\/\/www.tucomarca.com\/wordpress\/segunda\/wp-json\/wp\/v2\/media\/39494"}],"wp:attachment":[{"href":"https:\/\/www.tucomarca.com\/wordpress\/segunda\/wp-json\/wp\/v2\/media?parent=39493"}],"wp:term":[{"taxonomy":"category","embeddable":true,"href":"https:\/\/www.tucomarca.com\/wordpress\/segunda\/wp-json\/wp\/v2\/categories?post=39493"},{"taxonomy":"post_tag","embeddable":true,"href":"https:\/\/www.tucomarca.com\/wordpress\/segunda\/wp-json\/wp\/v2\/tags?post=39493"}],"curies":[{"name":"wp","href":"https:\/\/api.w.org\/{rel}","templated":true}]}}