{"id":39502,"date":"2015-08-25T21:13:18","date_gmt":"2015-08-25T18:13:18","guid":{"rendered":"http:\/\/www.tucomarca.com\/wordpress\/segunda\/?p=39502"},"modified":"2015-08-26T10:25:13","modified_gmt":"2015-08-26T07:25:13","slug":"sigue-la-retransmision-en-directo-de-la-tomatina-2015-por-tucomarca-television","status":"publish","type":"post","link":"https:\/\/www.tucomarca.com\/wordpress\/segunda\/sigue-la-retransmision-en-directo-de-la-tomatina-2015-por-tucomarca-television\/","title":{"rendered":"Sigue la retransmisi\u00f3n en directo de La Tomatina 2015 por tucomarca televisi\u00f3n"},"content":{"rendered":"<p><a href=\"https:\/\/www.tucomarca.com\/wordpress\/segunda\/wp-content\/uploads\/2015\/08\/IMG_0318.gif\"><img loading=\"lazy\" decoding=\"async\" class=\"alignleft size-full wp-image-39509\" title=\"IMG_0318\" src=\"https:\/\/www.tucomarca.com\/wordpress\/segunda\/wp-content\/uploads\/2015\/08\/IMG_0318.gif\" alt=\"\" width=\"500\" height=\"200\" srcset=\"https:\/\/www.tucomarca.com\/wordpress\/segunda\/wp-content\/uploads\/2015\/08\/IMG_0318.gif 500w, https:\/\/www.tucomarca.com\/wordpress\/segunda\/wp-content\/uploads\/2015\/08\/IMG_0318-300x120.gif 300w\" sizes=\"auto, (max-width: 500px) 100vw, 500px\" \/><\/a>No os perd\u00e1is la retransmisi\u00f3n en streaming y en directo por\u00a0<strong>tucomarca televisi\u00f3n<\/strong> de la edici\u00f3n de La Tomatina de Bu\u00f1ol de este 2015, a partir de las 10,45 horas.<\/p>\n<p>Entra en nuestro canal de directos, haz click<a title=\"Canal de tucomarca televisi\u00f3n\" href=\"http:\/\/www.ustream.tv\/channel\/tucomarca-com\"> aqu\u00ed<\/a>:<\/p>\n<p>Y es que Bu\u00f1ol acoge hoy uno de los acontecimientos festivos de fama mundial; tanto es as\u00ed que incluso <strong>Google<\/strong> realiza la grabaci\u00f3n y geolocalizaci\u00f3n de  im\u00e1genes del recorrido de la Tomatina antes y despu\u00e9s de la batalla.  Tambi\u00e9n la empresa del buscador ha dedicado su doodle animado de hoy a La Tomatina de Bu\u00f1ol.<\/p>\n<p>&nbsp;<\/p>\n","protected":false},"excerpt":{"rendered":"<div class=\"mh-excerpt\">No os perd\u00e1is la retransmisi\u00f3n en streaming y en directo por\u00a0tucomarca televisi\u00f3n de la edici\u00f3n de La Tomatina de Bu\u00f1ol de este 2015, a partir de las 10,45 horas. Entra en nuestro canal de directos, <a class=\"mh-excerpt-more\" href=\"https:\/\/www.tucomarca.com\/wordpress\/segunda\/sigue-la-retransmision-en-directo-de-la-tomatina-2015-por-tucomarca-television\/\" title=\"Sigue la retransmisi\u00f3n en directo de La Tomatina 2015 por tucomarca televisi\u00f3n\">[+] <\/a><\/div>\n","protected":false},"author":1,"featured_media":39509,"comment_status":"open","ping_status":"open","sticky":false,"template":"","format":"standard","meta":{"footnotes":""},"categories":[18,10,5,383,3,45],"tags":[],"class_list":{"0":"post-39502","1":"post","2":"type-post","3":"status-publish","4":"format-standard","5":"has-post-thumbnail","7":"category-bunol","8":"category-la-hoya","9":"category-la-semana-en-imagenes","10":"category-pueblos-en-fiestas","11":"category-seccion","12":"category-ventana"},"_links":{"self":[{"href":"https:\/\/www.tucomarca.com\/wordpress\/segunda\/wp-json\/wp\/v2\/posts\/39502","targetHints":{"allow":["GET"]}}],"collection":[{"href":"https:\/\/www.tucomarca.com\/wordpress\/segunda\/wp-json\/wp\/v2\/posts"}],"about":[{"href":"https:\/\/www.tucomarca.com\/wordpress\/segunda\/wp-json\/wp\/v2\/types\/post"}],"author":[{"embeddable":true,"href":"https:\/\/www.tucomarca.com\/wordpress\/segunda\/wp-json\/wp\/v2\/users\/1"}],"replies":[{"embeddable":true,"href":"https:\/\/www.tucomarca.com\/wordpress\/segunda\/wp-json\/wp\/v2\/comments?post=39502"}],"version-history":[{"count":0,"href":"https:\/\/www.tucomarca.com\/wordpress\/segunda\/wp-json\/wp\/v2\/posts\/39502\/revisions"}],"wp:featuredmedia":[{"embeddable":true,"href":"https:\/\/www.tucomarca.com\/wordpress\/segunda\/wp-json\/wp\/v2\/media\/39509"}],"wp:attachment":[{"href":"https:\/\/www.tucomarca.com\/wordpress\/segunda\/wp-json\/wp\/v2\/media?parent=39502"}],"wp:term":[{"taxonomy":"category","embeddable":true,"href":"https:\/\/www.tucomarca.com\/wordpress\/segunda\/wp-json\/wp\/v2\/categories?post=39502"},{"taxonomy":"post_tag","embeddable":true,"href":"https:\/\/www.tucomarca.com\/wordpress\/segunda\/wp-json\/wp\/v2\/tags?post=39502"}],"curies":[{"name":"wp","href":"https:\/\/api.w.org\/{rel}","templated":true}]}}