{"id":39535,"date":"2015-08-28T11:22:16","date_gmt":"2015-08-28T08:22:16","guid":{"rendered":"http:\/\/www.tucomarca.com\/wordpress\/segunda\/?p=39535"},"modified":"2015-08-28T11:22:16","modified_gmt":"2015-08-28T08:22:16","slug":"les-brigades-dimelsa-conclouen-els-treballs-demergencia-a-ademuz","status":"publish","type":"post","link":"https:\/\/www.tucomarca.com\/wordpress\/segunda\/les-brigades-dimelsa-conclouen-els-treballs-demergencia-a-ademuz\/","title":{"rendered":"Les brigades d&#8217;Imelsa conclouen els treballs d&#8217;emerg\u00e8ncia a Ademuz"},"content":{"rendered":"<p>Les brigades forestals d\u2019Imelsa han concl\u00f2s els treballs d\u2019emerg\u00e8ncia que comen\u00e7aren dissabte passat a Ademuz despr\u00e9s del desbordament del riu Bohilgues i les rambles del municipi per les pluges torrencials del passat dissabte.<\/p>\n<p>Imelsa, representada pel gerent Josep RamonTiller i la vicegerent Agustina Brines, ha visitat aquest mat\u00ed les zones afectades, com la Rambla de la Virgen, el barri del Molino, el centre de salut, l\u2019\u00e0rea recreativa Los Arenales i la zona esportiva del Remolino.<\/p>\n<p>A la capital del Rac\u00f3 d\u2019Adem\u00fas els ha rebut l\u2019alcalde, \u00c1ngel Andr\u00e9s, que ha mostrat \u00abl\u2019enorme agra\u00efment a la Diputaci\u00f3 per la seua r\u00e0pida resposta despr\u00e9s del desbordament del riu Bohilgues i les rambles del municipi\u00bb.<\/p>\n<p> En aquest sentit, l\u2019alcalde ha assenyalat que \u00ables brigades d\u2019Imelsa s\u00f3n d\u2019una import\u00e0ncia primordial per a Adem\u00fas, perqu\u00e8 a m\u00e9s de l\u2019enorme servei que fan de manteniment de la muntanya, \u00e9s l\u2019empresa que m\u00e9s ocupacions proporciona als nostres habitants\u00bb.<\/p>\n<p>El gerent d\u2019Imelsa, Josep Ramon Tiller, ha assenyalat que \u00aben la trobada que havem mantingut amb l\u2019alcalde, havem analitzat la situaci\u00f3 del poble despr\u00e9s de les pluges torrencials i hem tractat les possibles accions de futur que han d\u2019executar per les brigades a aquest municipi\u00bb.<\/p>\n<p>Tiller ha explicat que \u00ables brigades d\u2019Imelsa actuaren molt r\u00e0pidament i es despla\u00e7aren immediatament a les zones afectades. Des del primer moment que es conegu\u00e9 la intensitat de les pluges, es comen\u00e7\u00e0 a actuar. Una vegada concloses les actuacions priorit\u00e0ries, com habilitar l\u2019acc\u00e9s al centre de salut i desbloquejar camins rurals, les brigades d\u2019Imelsa continuaran amb la labor de millora de les comunicacions, per\u00f2 ja amb el seu horari de treball normal que els permet estar operatives en el cas que es produesquen altres emerg\u00e8ncies\u00bb.<\/p>\n<p>La vicegerent, Agustina Brines, ha volgut \u00abreivindicar l\u2019enorme tasca feta per les brigades, no solament a Ademuz per les pluges d\u2019aquest cap de setmana, sin\u00f3 a tota la prov\u00edncia de Val\u00e8ncia i durant tot l\u2019any; perqu\u00e8 gr\u00e0cies a aqueix treball de manteniment \u00e9s m\u00e9s f\u00e0cil actuar quan es produeixen situacions d\u2019emerg\u00e8ncia, ja siga per incendis o per inundacions\u00bb.<\/p>\n<p>Millora de les carreteres del Rac\u00f3 d\u2019Adem\u00fas<\/p>\n<p>El diputat de Carreteres, Pablo Segu\u00ed, ha destacat que \u00abla Diputaci\u00f3 ha estat des del primer moment al servei de l\u2019Ajuntament d\u2019Ademuz i ha posat a la seua disposici\u00f3 tant les brigades forestals d\u2019Imelsa com les brigades de conservaci\u00f3 adscrites a l\u2019\u00c0rea de Carreteres\u00bb.<\/p>\n<p>Segu\u00ed ha anunciat que \u00abestem ja treballant en diferents projectes de renovaci\u00f3 i modernitzaci\u00f3 de tres carreteres del Rac\u00f3 d\u2019Adem\u00fas a trav\u00e9s d\u2019un pla de millora espec\u00edfic\u00bb. <\/p>\n","protected":false},"excerpt":{"rendered":"<div class=\"mh-excerpt\">Les brigades forestals d\u2019Imelsa han concl\u00f2s els treballs d\u2019emerg\u00e8ncia que comen\u00e7aren dissabte passat a Ademuz despr\u00e9s del desbordament del riu Bohilgues i les rambles del municipi per les pluges torrencials del passat dissabte. Imelsa, representada <a class=\"mh-excerpt-more\" href=\"https:\/\/www.tucomarca.com\/wordpress\/segunda\/les-brigades-dimelsa-conclouen-els-treballs-demergencia-a-ademuz\/\" title=\"Les brigades d&#8217;Imelsa conclouen els treballs d&#8217;emerg\u00e8ncia a Ademuz\">[+] <\/a><\/div>\n","protected":false},"author":2,"featured_media":0,"comment_status":"open","ping_status":"open","sticky":false,"template":"","format":"standard","meta":{"footnotes":""},"categories":[49,223,8,117,3],"tags":[10397,8669,2189,5983],"class_list":{"0":"post-39535","1":"post","2":"type-post","3":"status-publish","4":"format-standard","6":"category-ademuz","7":"category-ademuz-ademuz","8":"category-la-comarca","9":"category-medio-ambiente-la-comarca","10":"category-seccion","11":"tag-ademuz","12":"tag-brigades","13":"tag-imelsa","14":"tag-treballs"},"_links":{"self":[{"href":"https:\/\/www.tucomarca.com\/wordpress\/segunda\/wp-json\/wp\/v2\/posts\/39535","targetHints":{"allow":["GET"]}}],"collection":[{"href":"https:\/\/www.tucomarca.com\/wordpress\/segunda\/wp-json\/wp\/v2\/posts"}],"about":[{"href":"https:\/\/www.tucomarca.com\/wordpress\/segunda\/wp-json\/wp\/v2\/types\/post"}],"author":[{"embeddable":true,"href":"https:\/\/www.tucomarca.com\/wordpress\/segunda\/wp-json\/wp\/v2\/users\/2"}],"replies":[{"embeddable":true,"href":"https:\/\/www.tucomarca.com\/wordpress\/segunda\/wp-json\/wp\/v2\/comments?post=39535"}],"version-history":[{"count":0,"href":"https:\/\/www.tucomarca.com\/wordpress\/segunda\/wp-json\/wp\/v2\/posts\/39535\/revisions"}],"wp:attachment":[{"href":"https:\/\/www.tucomarca.com\/wordpress\/segunda\/wp-json\/wp\/v2\/media?parent=39535"}],"wp:term":[{"taxonomy":"category","embeddable":true,"href":"https:\/\/www.tucomarca.com\/wordpress\/segunda\/wp-json\/wp\/v2\/categories?post=39535"},{"taxonomy":"post_tag","embeddable":true,"href":"https:\/\/www.tucomarca.com\/wordpress\/segunda\/wp-json\/wp\/v2\/tags?post=39535"}],"curies":[{"name":"wp","href":"https:\/\/api.w.org\/{rel}","templated":true}]}}