{"id":39546,"date":"2015-08-28T11:38:35","date_gmt":"2015-08-28T08:38:35","guid":{"rendered":"http:\/\/www.tucomarca.com\/wordpress\/segunda\/?p=39546"},"modified":"2015-08-28T11:38:35","modified_gmt":"2015-08-28T08:38:35","slug":"el-gobierno-de-san-antonio-de-benageber-rechaza-remunicipalizar-la-gestion-de-la-piscina","status":"publish","type":"post","link":"https:\/\/www.tucomarca.com\/wordpress\/segunda\/el-gobierno-de-san-antonio-de-benageber-rechaza-remunicipalizar-la-gestion-de-la-piscina\/","title":{"rendered":"El gobierno de San Antonio de Benag\u00e9ber rechaza remunicipalizar la gesti\u00f3n de la piscina"},"content":{"rendered":"<p>Los cuatro votos de los concejales gobernantes y la abstenci\u00f3n del Psoe impiden que prospere la petici\u00f3n de GuanyemSAB de recuperar la gesti\u00f3n p\u00fablica de la piscina.<\/p>\n<p>Ante la propuesta de Plataforma \u2013 GuanyemSAB \u2013 Comprom\u00eds de que se decida que la gesti\u00f3n de la piscina municipal sea p\u00fablica, la abstenci\u00f3n del Psoe propici\u00f3 un empate de votos que se dirimi\u00f3 por el voto de calidad del Alcalde en ausencia de uno de nuestros concejales. La enmienda presentada por GuanyemSAB a\u00f1ad\u00eda a las medidas propuestas por el gobierno municipal la de asumir la gesti\u00f3n futura del servicio p\u00fablico por parte del ayuntamiento.<\/p>\n<p>La incoaci\u00f3n del expediente de rescisi\u00f3n, que finalmente sali\u00f3 adelante gracias a las abstenciones de la oposici\u00f3n, pone en marcha los mecanismos para una nueva concesi\u00f3n de la gesti\u00f3n de la piscina. Por eso nuestro grupo pretendi\u00f3 que se garantizara la remunicipalizaci\u00f3n, como funcion\u00f3 los primeros a\u00f1os.<\/p>\n<p>Se da la circunstancia de que, a d\u00eda de hoy, las concesiones para las piscinas municipales se sacan a licitaci\u00f3n con un \u201ccanon inverso\u201d, esto es que el ayuntamiento aporta cantidades importantes a la empresa privada que gestiona la piscina. De ser as\u00ed, nuestra opci\u00f3n es asumir la gesti\u00f3n municipal directa subrogando a los trabajadores de la actual empresa, que han demostrado estar capacitados para llevar adelante las instalaciones y las actividades deportivas de la piscina y el gimnasio.<\/p>\n<p>El Pleno fue convocado el martes 25 de agosto, tras retrasarse varias veces y a pesar de tener la documentaci\u00f3n preparada d\u00edas antes, coincidiendo con la ausencia conocida desde hace casi 15 d\u00edas de uno de nuestros concejales por razones familiares. De este modo se equilibraban las fuerzas entre concejales del partido de derechas gobernante y Plataforma &#8211; GuanyemSAB \u2013 Comprom\u00eds, elemento que aprovecharon para rechazar la remunicipalizaci\u00f3n del servicio.<\/p>\n<p>Un Pleno fue convocado con car\u00e1cter de urgencia para poder acogerse a un nuevo pr\u00e9stamo del Estado de 1.4 MM euros para pagar Sentencias que permanec\u00edan en el caj\u00f3n del anterior gobierno municipal y se aprovech\u00f3 para incluir a \u00faltima hora este otro asunto pol\u00e9mico: la incoaci\u00f3n del expediente de rescisi\u00f3n del contrato de la piscina municipal a Comval Sport SL, despu\u00e9s de conocerse la ausencia de nuestro concejal. Se da la circunstancia de que un alcalde tiene la competencia legal de iniciar expedientes administrativos de esta \u00edndole, pero el de San Antonio de Benag\u00e9ber insiste en traer a Pleno este asunto que resulta pol\u00e9mico. Y a pesar de la urgencia de actuaci\u00f3n a la que apela el Sr. Santafosta, no ha puesto en marcha estos mecanismos de incoaci\u00f3n de expedientes que la ley le permite, culpando a la oposici\u00f3n por el retraso de lo que \u00e9l no ha querido hacer.<\/p>\n<p>La gesti\u00f3n que ha realizado el nuevo equipo de gobierno del partido independiente del problema de la deuda que la empresa mantiene con el ayuntamiento, ha derivado en el cierre de piscina y gimnasio por parte de la empresa desde principios de agosto, te\u00f3ricamente por mantenimiento.<\/p>\n<p>La ausencia de un concejal de GuanyemSAB, tambi\u00e9n ha coincidido con la ausencia de otra concejala del Partido Popular.<\/p>\n","protected":false},"excerpt":{"rendered":"<div class=\"mh-excerpt\">Los cuatro votos de los concejales gobernantes y la abstenci\u00f3n del Psoe impiden que prospere la petici\u00f3n de GuanyemSAB de recuperar la gesti\u00f3n p\u00fablica de la piscina. Ante la propuesta de Plataforma \u2013 GuanyemSAB \u2013 <a class=\"mh-excerpt-more\" href=\"https:\/\/www.tucomarca.com\/wordpress\/segunda\/el-gobierno-de-san-antonio-de-benageber-rechaza-remunicipalizar-la-gestion-de-la-piscina\/\" title=\"El gobierno de San Antonio de Benag\u00e9ber rechaza remunicipalizar la gesti\u00f3n de la piscina\">[+] <\/a><\/div>\n","protected":false},"author":2,"featured_media":0,"comment_status":"open","ping_status":"open","sticky":false,"template":"","format":"standard","meta":{"footnotes":""},"categories":[46,8,142,183,3],"tags":[1260,342,8675,8676,2476],"class_list":{"0":"post-39546","1":"post","2":"type-post","3":"status-publish","4":"format-standard","6":"category-camp-de-turia","7":"category-la-comarca","8":"category-politica-la-comarca","9":"category-san-antonio-de-benageber","10":"category-seccion","11":"tag-gestion","12":"tag-piscina","13":"tag-rechaza","14":"tag-remunicipalizar","15":"tag-san-antonio-benageber"},"_links":{"self":[{"href":"https:\/\/www.tucomarca.com\/wordpress\/segunda\/wp-json\/wp\/v2\/posts\/39546","targetHints":{"allow":["GET"]}}],"collection":[{"href":"https:\/\/www.tucomarca.com\/wordpress\/segunda\/wp-json\/wp\/v2\/posts"}],"about":[{"href":"https:\/\/www.tucomarca.com\/wordpress\/segunda\/wp-json\/wp\/v2\/types\/post"}],"author":[{"embeddable":true,"href":"https:\/\/www.tucomarca.com\/wordpress\/segunda\/wp-json\/wp\/v2\/users\/2"}],"replies":[{"embeddable":true,"href":"https:\/\/www.tucomarca.com\/wordpress\/segunda\/wp-json\/wp\/v2\/comments?post=39546"}],"version-history":[{"count":0,"href":"https:\/\/www.tucomarca.com\/wordpress\/segunda\/wp-json\/wp\/v2\/posts\/39546\/revisions"}],"wp:attachment":[{"href":"https:\/\/www.tucomarca.com\/wordpress\/segunda\/wp-json\/wp\/v2\/media?parent=39546"}],"wp:term":[{"taxonomy":"category","embeddable":true,"href":"https:\/\/www.tucomarca.com\/wordpress\/segunda\/wp-json\/wp\/v2\/categories?post=39546"},{"taxonomy":"post_tag","embeddable":true,"href":"https:\/\/www.tucomarca.com\/wordpress\/segunda\/wp-json\/wp\/v2\/tags?post=39546"}],"curies":[{"name":"wp","href":"https:\/\/api.w.org\/{rel}","templated":true}]}}