{"id":39563,"date":"2015-08-28T19:45:50","date_gmt":"2015-08-28T16:45:50","guid":{"rendered":"http:\/\/www.tucomarca.com\/wordpress\/segunda\/?p=39563"},"modified":"2015-08-28T19:45:50","modified_gmt":"2015-08-28T16:45:50","slug":"carrera-ciclista-en-turis","status":"publish","type":"post","link":"https:\/\/www.tucomarca.com\/wordpress\/segunda\/carrera-ciclista-en-turis\/","title":{"rendered":"Carrera ciclista en Tur\u00eds"},"content":{"rendered":"<p>Este s\u00e1bado, d\u00eda 29 de agosto, a las cinco y media de la tarde, las calles de Tur\u00eds volver\u00e1n a acoger a ciclistas de equipos pioneros de las categor\u00edas senior y m\u00e1ster 30, 40 y 50 de la Comunitat Valenciana debido a la celebraci\u00f3n de la competici\u00f3n de ciclismo Premio Antonio Gim\u00e9nez. La cita es muy esperada por los aficionados.<\/p>\n","protected":false},"excerpt":{"rendered":"<div class=\"mh-excerpt\">Este s\u00e1bado, d\u00eda 29 de agosto, a las cinco y media de la tarde, las calles de Tur\u00eds volver\u00e1n a acoger a ciclistas de equipos pioneros de las categor\u00edas senior y m\u00e1ster 30, 40 y <a class=\"mh-excerpt-more\" href=\"https:\/\/www.tucomarca.com\/wordpress\/segunda\/carrera-ciclista-en-turis\/\" title=\"Carrera ciclista en Tur\u00eds\">[+] <\/a><\/div>\n","protected":false},"author":2,"featured_media":0,"comment_status":"open","ping_status":"open","sticky":false,"template":"","format":"standard","meta":{"footnotes":""},"categories":[4,3],"tags":[8680,10394],"class_list":{"0":"post-39563","1":"post","2":"type-post","3":"status-publish","4":"format-standard","6":"category-agenda","7":"category-seccion","8":"tag-carrera-ciclista","9":"tag-turis"},"_links":{"self":[{"href":"https:\/\/www.tucomarca.com\/wordpress\/segunda\/wp-json\/wp\/v2\/posts\/39563","targetHints":{"allow":["GET"]}}],"collection":[{"href":"https:\/\/www.tucomarca.com\/wordpress\/segunda\/wp-json\/wp\/v2\/posts"}],"about":[{"href":"https:\/\/www.tucomarca.com\/wordpress\/segunda\/wp-json\/wp\/v2\/types\/post"}],"author":[{"embeddable":true,"href":"https:\/\/www.tucomarca.com\/wordpress\/segunda\/wp-json\/wp\/v2\/users\/2"}],"replies":[{"embeddable":true,"href":"https:\/\/www.tucomarca.com\/wordpress\/segunda\/wp-json\/wp\/v2\/comments?post=39563"}],"version-history":[{"count":0,"href":"https:\/\/www.tucomarca.com\/wordpress\/segunda\/wp-json\/wp\/v2\/posts\/39563\/revisions"}],"wp:attachment":[{"href":"https:\/\/www.tucomarca.com\/wordpress\/segunda\/wp-json\/wp\/v2\/media?parent=39563"}],"wp:term":[{"taxonomy":"category","embeddable":true,"href":"https:\/\/www.tucomarca.com\/wordpress\/segunda\/wp-json\/wp\/v2\/categories?post=39563"},{"taxonomy":"post_tag","embeddable":true,"href":"https:\/\/www.tucomarca.com\/wordpress\/segunda\/wp-json\/wp\/v2\/tags?post=39563"}],"curies":[{"name":"wp","href":"https:\/\/api.w.org\/{rel}","templated":true}]}}