{"id":39565,"date":"2015-08-28T19:46:23","date_gmt":"2015-08-28T16:46:23","guid":{"rendered":"http:\/\/www.tucomarca.com\/wordpress\/segunda\/?p=39565"},"modified":"2015-08-28T19:46:23","modified_gmt":"2015-08-28T16:46:23","slug":"cierre-festivo-en-bunol-y-outlet-en-turis","status":"publish","type":"post","link":"https:\/\/www.tucomarca.com\/wordpress\/segunda\/cierre-festivo-en-bunol-y-outlet-en-turis\/","title":{"rendered":"Cierre festivo en Bu\u00f1ol y Outlet en Tur\u00eds"},"content":{"rendered":"<p>Bu\u00f1ol entra en la recta final de sus festejos estivales. As\u00ed, este s\u00e1bado 29 acontecer\u00e1 la \u00abFiesta de El Litro\u00bb, una celebraci\u00f3n protagonizada por socios y afines de \u00abLa Arm\u00f3nica\u00bb en la que lucir\u00e1n radiantes las Misses Laura Carrascosa Iranzo y la ni\u00f1a Marta P\u00e9rez Lavilla, as\u00ed como la representante de 2015,  Nairobi Galarza Sanz.<br \/>\nPor la ma\u00f1ana, en torno a las 13 horas, est\u00e1 programada la ofrenda de flores y frutos a Nuestra Se\u00f1ora de los dolores, mientras que por la tarde, a partir de las 19,30 horas, comenzar\u00e1 la esperada cabalgata.<br \/>\nEl domingo 30, a las 12 horas, comenzar\u00e1 el primer concurso de desfiles de bandas con la participaci\u00f3n de las dos agrupaciones locales, as\u00ed como con las llegadas de Y\u00e1tova, Millares y Alborache.<br \/>\nPor la tarde, a las 20,30 horas, comenzar\u00e1 la popular batalla de flores, un desfile presidido por la Reina de las Fiestas, Lorena Arocas.<br \/>\nEl lunes, d\u00eda 31, se cerrar\u00e1n los festejos con la misa de despedida a San Luis (20 horas), para seguir con el traslado del santo (21 horas) y el castillo de fuegos artificiales a las 22 horas.<br \/>\nEn Tur\u00eds, el s\u00e1bado se inaugurar\u00e1 a las 11 horas la Feria Outlet que se ubicar\u00e1 en la Calle Miguel Hern\u00e1ndez y en  la que los comercios locales mostrar\u00e1n parte importante de sus productos y servicios. A esta misma hora se celebrar\u00e1 en la Pla\u00e7a Vicent Ribes un parque infantil.<br \/>\nEl domingo, a partir de las 10 horas, se dar\u00e1 por inaugurado el encuentro de bolilleras en la Pla\u00e7a Vicent Ribes, mientras que a las 19 horas hay previsto en este mismo emplazamiento un concierto a cargo de Sedajazz. Instantes despu\u00e9s se dar\u00e1 por cerrado el recinto ferial y por tanto el Outlet de 2015. <\/p>\n","protected":false},"excerpt":{"rendered":"<div class=\"mh-excerpt\">Bu\u00f1ol entra en la recta final de sus festejos estivales. As\u00ed, este s\u00e1bado 29 acontecer\u00e1 la \u00abFiesta de El Litro\u00bb, una celebraci\u00f3n protagonizada por socios y afines de \u00abLa Arm\u00f3nica\u00bb en la que lucir\u00e1n radiantes <a class=\"mh-excerpt-more\" href=\"https:\/\/www.tucomarca.com\/wordpress\/segunda\/cierre-festivo-en-bunol-y-outlet-en-turis\/\" title=\"Cierre festivo en Bu\u00f1ol y Outlet en Tur\u00eds\">[+] <\/a><\/div>\n","protected":false},"author":2,"featured_media":0,"comment_status":"open","ping_status":"open","sticky":false,"template":"","format":"standard","meta":{"footnotes":""},"categories":[4,3],"tags":[10385,8681,758,10394],"class_list":{"0":"post-39565","1":"post","2":"type-post","3":"status-publish","4":"format-standard","6":"category-agenda","7":"category-seccion","8":"tag-bunol","9":"tag-cierre-festivo","10":"tag-outlet","11":"tag-turis"},"_links":{"self":[{"href":"https:\/\/www.tucomarca.com\/wordpress\/segunda\/wp-json\/wp\/v2\/posts\/39565","targetHints":{"allow":["GET"]}}],"collection":[{"href":"https:\/\/www.tucomarca.com\/wordpress\/segunda\/wp-json\/wp\/v2\/posts"}],"about":[{"href":"https:\/\/www.tucomarca.com\/wordpress\/segunda\/wp-json\/wp\/v2\/types\/post"}],"author":[{"embeddable":true,"href":"https:\/\/www.tucomarca.com\/wordpress\/segunda\/wp-json\/wp\/v2\/users\/2"}],"replies":[{"embeddable":true,"href":"https:\/\/www.tucomarca.com\/wordpress\/segunda\/wp-json\/wp\/v2\/comments?post=39565"}],"version-history":[{"count":0,"href":"https:\/\/www.tucomarca.com\/wordpress\/segunda\/wp-json\/wp\/v2\/posts\/39565\/revisions"}],"wp:attachment":[{"href":"https:\/\/www.tucomarca.com\/wordpress\/segunda\/wp-json\/wp\/v2\/media?parent=39565"}],"wp:term":[{"taxonomy":"category","embeddable":true,"href":"https:\/\/www.tucomarca.com\/wordpress\/segunda\/wp-json\/wp\/v2\/categories?post=39565"},{"taxonomy":"post_tag","embeddable":true,"href":"https:\/\/www.tucomarca.com\/wordpress\/segunda\/wp-json\/wp\/v2\/tags?post=39565"}],"curies":[{"name":"wp","href":"https:\/\/api.w.org\/{rel}","templated":true}]}}