{"id":39589,"date":"2015-08-31T13:06:29","date_gmt":"2015-08-31T10:06:29","guid":{"rendered":"http:\/\/www.tucomarca.com\/wordpress\/segunda\/?p=39589"},"modified":"2015-08-31T13:06:29","modified_gmt":"2015-08-31T10:06:29","slug":"el-ayuntamiento-de-cheste-reintegra-274-660-euros-a-varios-propietarios-por-una-retasacion-indebida-que-pagaron-en-2008","status":"publish","type":"post","link":"https:\/\/www.tucomarca.com\/wordpress\/segunda\/el-ayuntamiento-de-cheste-reintegra-274-660-euros-a-varios-propietarios-por-una-retasacion-indebida-que-pagaron-en-2008\/","title":{"rendered":"El Ayuntamiento de Cheste reintegra 274.660 euros a varios propietarios por una retasaci\u00f3n indebida que pagaron en 2008"},"content":{"rendered":"<p>En los pr\u00f3ximos d\u00edas, ochenta propietarios de los sectores 3, 4 y 5 del municipio recibir\u00e1n un total de 274.660 euros por la retasaci\u00f3n aprobada en su d\u00eda por el gobierno del Partido Popular, a instancias del agente urbanizador, que les obligaba a hacer frente a los costes sobrevenidos en la instalaci\u00f3n el\u00e9ctrica.<\/p>\n<p>\u201cDurante el desarrollo del programa de urbanizaci\u00f3n de los sectores 3, 4 y 5 de Cheste, el agente urbanizador no cumpl\u00eda con la normativa el\u00e9ctrica que exig\u00eda mayor potencia y adaptarse a ella supuso un mayor coste econ\u00f3mico. Ante este problema, el anterior equipo de gobierno del Partido Popular decidi\u00f3 que lo m\u00e1s f\u00e1cil era que los propietarios se hicieran cargo de los costes sobrevenidos\u201d, declara Carmen Delgado, concejal de Hacienda del Ayuntamiento de Cheste. \u201cAhora somos todos los chestanos los que vamos a pagar una decisi\u00f3n mal tomada por el anterior gobierno, ya que debi\u00f3 ser el agente urbanizador el que se hiciera cargo de esos sobrecostes\u201d.<\/p>\n<p>Este gobierno ejecuta as\u00ed la sentencia del Tribunal de Superior de Justicia de la Comunidad Valenciana de fecha de 4 de abril de 2014, que debi\u00f3 cumplir el anterior alcalde del Partido Popular, que obligaba al Ayuntamiento a devolver a los propietarios la cuant\u00eda correspondiente a la retasaci\u00f3n el\u00e9ctrica.<\/p>\n","protected":false},"excerpt":{"rendered":"<div class=\"mh-excerpt\">En los pr\u00f3ximos d\u00edas, ochenta propietarios de los sectores 3, 4 y 5 del municipio recibir\u00e1n un total de 274.660 euros por la retasaci\u00f3n aprobada en su d\u00eda por el gobierno del Partido Popular, a <a class=\"mh-excerpt-more\" href=\"https:\/\/www.tucomarca.com\/wordpress\/segunda\/el-ayuntamiento-de-cheste-reintegra-274-660-euros-a-varios-propietarios-por-una-retasacion-indebida-que-pagaron-en-2008\/\" title=\"El Ayuntamiento de Cheste reintegra 274.660 euros a varios propietarios por una retasaci\u00f3n indebida que pagaron en 2008\">[+] <\/a><\/div>\n","protected":false},"author":2,"featured_media":0,"comment_status":"open","ping_status":"open","sticky":false,"template":"","format":"standard","meta":{"footnotes":""},"categories":[17,8,10,142,3],"tags":[8692,1115,339,5836,3013,8690,8691],"class_list":{"0":"post-39589","1":"post","2":"type-post","3":"status-publish","4":"format-standard","6":"category-cheste","7":"category-la-comarca","8":"category-la-hoya","9":"category-politica-la-comarca","10":"category-seccion","11":"tag-8692","12":"tag-ayuntamiento","13":"tag-cheste-2","14":"tag-devuelve","15":"tag-dinero","16":"tag-propietarios","17":"tag-retasacion-indebida"},"_links":{"self":[{"href":"https:\/\/www.tucomarca.com\/wordpress\/segunda\/wp-json\/wp\/v2\/posts\/39589","targetHints":{"allow":["GET"]}}],"collection":[{"href":"https:\/\/www.tucomarca.com\/wordpress\/segunda\/wp-json\/wp\/v2\/posts"}],"about":[{"href":"https:\/\/www.tucomarca.com\/wordpress\/segunda\/wp-json\/wp\/v2\/types\/post"}],"author":[{"embeddable":true,"href":"https:\/\/www.tucomarca.com\/wordpress\/segunda\/wp-json\/wp\/v2\/users\/2"}],"replies":[{"embeddable":true,"href":"https:\/\/www.tucomarca.com\/wordpress\/segunda\/wp-json\/wp\/v2\/comments?post=39589"}],"version-history":[{"count":0,"href":"https:\/\/www.tucomarca.com\/wordpress\/segunda\/wp-json\/wp\/v2\/posts\/39589\/revisions"}],"wp:attachment":[{"href":"https:\/\/www.tucomarca.com\/wordpress\/segunda\/wp-json\/wp\/v2\/media?parent=39589"}],"wp:term":[{"taxonomy":"category","embeddable":true,"href":"https:\/\/www.tucomarca.com\/wordpress\/segunda\/wp-json\/wp\/v2\/categories?post=39589"},{"taxonomy":"post_tag","embeddable":true,"href":"https:\/\/www.tucomarca.com\/wordpress\/segunda\/wp-json\/wp\/v2\/tags?post=39589"}],"curies":[{"name":"wp","href":"https:\/\/api.w.org\/{rel}","templated":true}]}}