{"id":39591,"date":"2015-08-31T13:22:18","date_gmt":"2015-08-31T10:22:18","guid":{"rendered":"http:\/\/www.tucomarca.com\/wordpress\/segunda\/?p=39591"},"modified":"2015-08-31T13:22:45","modified_gmt":"2015-08-31T10:22:45","slug":"remontada-de-barbera-para-acabar-decimotercero-en-silverstone","status":"publish","type":"post","link":"https:\/\/www.tucomarca.com\/wordpress\/segunda\/remontada-de-barbera-para-acabar-decimotercero-en-silverstone\/","title":{"rendered":"Remontada de Barber\u00e1 para acabar decimotercero en Silverstone"},"content":{"rendered":"<p>El pasado  fin de semana se celebr\u00f3 la 12 prueba del mundial de motociclismo de Moto GP en el circuito m\u00e1s largo del calendario, Silverstone (Gran Breta\u00f1a). en esta prueba, el piloto de Dos Aguas, H\u00e9ctor Barber\u00e1, sufri\u00f3 lo indecible para tratar de seguir comandando la categor\u00eda Open.<\/p>\n<p>H\u00e9ctor sufri\u00f3 desde los entrenamientos libres para tratar de llevar su moto lo m\u00e1s arriba posible, aunque al final s\u00f3lo pudo ser el 17. En la salida de la prueba, un toque de otro piloto hace que reciba un trozo de carenado que le rompe parte de la c\u00fapula, una circunstancia que lo traslada hasta la cola de los pilotos, por lo que le tocaba remontar pese al mal estado de la pista como consecuencia de la lluvia.<br \/>\nPese al notable riesgo, Barber\u00e1 lo dio todo durante 20 vueltas dificil\u00edsimas para al final acabar d\u00e9cimo tercero, consiguiendo as\u00ed tres puntos m\u00e1s para la clasificaci\u00f3n general. En estos momentos es decimoquinto con 23 puntos. El 13 de septiembre volver\u00e1 a luchar por ser el mejor de su categor\u00eda en el circuito de Misano Adriatico. Informa Elio Zan\u00f3n.<\/p>\n","protected":false},"excerpt":{"rendered":"<div class=\"mh-excerpt\">El pasado fin de semana se celebr\u00f3 la 12 prueba del mundial de motociclismo de Moto GP en el circuito m\u00e1s largo del calendario, Silverstone (Gran Breta\u00f1a). en esta prueba, el piloto de Dos Aguas, <a class=\"mh-excerpt-more\" href=\"https:\/\/www.tucomarca.com\/wordpress\/segunda\/remontada-de-barbera-para-acabar-decimotercero-en-silverstone\/\" title=\"Remontada de Barber\u00e1 para acabar decimotercero en Silverstone\">[+] <\/a><\/div>\n","protected":false},"author":2,"featured_media":0,"comment_status":"open","ping_status":"open","sticky":false,"template":"","format":"standard","meta":{"footnotes":""},"categories":[6,15,10,91,3],"tags":[7951,213,8693,5680],"class_list":{"0":"post-39591","1":"post","2":"type-post","3":"status-publish","4":"format-standard","6":"category-deportes","7":"category-dos-aguas","8":"category-la-hoya","9":"category-motociclismo","10":"category-seccion","11":"tag-7951","12":"tag-barbera","13":"tag-remontada","14":"tag-silverstone"},"_links":{"self":[{"href":"https:\/\/www.tucomarca.com\/wordpress\/segunda\/wp-json\/wp\/v2\/posts\/39591","targetHints":{"allow":["GET"]}}],"collection":[{"href":"https:\/\/www.tucomarca.com\/wordpress\/segunda\/wp-json\/wp\/v2\/posts"}],"about":[{"href":"https:\/\/www.tucomarca.com\/wordpress\/segunda\/wp-json\/wp\/v2\/types\/post"}],"author":[{"embeddable":true,"href":"https:\/\/www.tucomarca.com\/wordpress\/segunda\/wp-json\/wp\/v2\/users\/2"}],"replies":[{"embeddable":true,"href":"https:\/\/www.tucomarca.com\/wordpress\/segunda\/wp-json\/wp\/v2\/comments?post=39591"}],"version-history":[{"count":0,"href":"https:\/\/www.tucomarca.com\/wordpress\/segunda\/wp-json\/wp\/v2\/posts\/39591\/revisions"}],"wp:attachment":[{"href":"https:\/\/www.tucomarca.com\/wordpress\/segunda\/wp-json\/wp\/v2\/media?parent=39591"}],"wp:term":[{"taxonomy":"category","embeddable":true,"href":"https:\/\/www.tucomarca.com\/wordpress\/segunda\/wp-json\/wp\/v2\/categories?post=39591"},{"taxonomy":"post_tag","embeddable":true,"href":"https:\/\/www.tucomarca.com\/wordpress\/segunda\/wp-json\/wp\/v2\/tags?post=39591"}],"curies":[{"name":"wp","href":"https:\/\/api.w.org\/{rel}","templated":true}]}}