{"id":39671,"date":"2015-09-04T11:31:56","date_gmt":"2015-09-04T08:31:56","guid":{"rendered":"http:\/\/www.tucomarca.com\/wordpress\/segunda\/?p=39671"},"modified":"2015-09-04T11:31:56","modified_gmt":"2015-09-04T08:31:56","slug":"vivienda-y-el-ayuntamiento-de-alzira-disenaran-un-plan-de-actuacion-integral-para-revitalizar-el-entorno-de-la-plaza-de-la-ribera","status":"publish","type":"post","link":"https:\/\/www.tucomarca.com\/wordpress\/segunda\/vivienda-y-el-ayuntamiento-de-alzira-disenaran-un-plan-de-actuacion-integral-para-revitalizar-el-entorno-de-la-plaza-de-la-ribera\/","title":{"rendered":"Vivienda y el Ayuntamiento de Alzira dise\u00f1ar\u00e1n un plan de actuaci\u00f3n integral para revitalizar el entorno de la Plaza de la Ribera"},"content":{"rendered":"<p>La Conselleria de Vivienda, Obras P\u00fablicas y Vertebraci\u00f3n del Territorio y el Ayuntamiento de Alzira van a dise\u00f1ar conjuntamente un plan de actuaci\u00f3n integral sostenible con el objetivo de revitalizar el grupo de viviendas y el entorno de la Plaza de la Ribera.<\/p>\n<p>As\u00ed se ha decidido hoy durante la reuni\u00f3n mantenida entre la directora general de la Entidad de Infraestructuras de la Generalitat (EIGE), Blanca Mar\u00edn, y el concejal de Urbanismo de Alzira, Fernando Pascual Moscard\u00f3.<\/p>\n<p>El plan integral se va a desarrollar entre las dos administraciones y ya se est\u00e1n estudiando las f\u00f3rmulas m\u00e1s \u00f3ptimas para llevarlo a t\u00e9rmino. Todo ello con el objetivo de dar un impulso a esta zona degradada de Alzira, en la que existen un n\u00famero importante de viviendas deshabitadas.<\/p>\n<p>Con el dise\u00f1o de este plan se busca la normalizaci\u00f3n de estos grupos de viviendas y la revitalizaci\u00f3n del entorno, en una acci\u00f3n que perdure en el tiempo. Ello supondr\u00e1 un plan que incluya la utilizaci\u00f3n adecuada de las viviendas, la mejora de esta zona de Alzira y la recuperaci\u00f3n e integraci\u00f3n social, que se desarrollar\u00e1 desde los servicios sociales municipales.<\/p>\n<p>La Generalitat gestiona un total de 95 viviendas de patrimonio p\u00fablico en Alzira. T\u00e9cnicos de los servicios sociales y de EIGE est\u00e1n ultimando la selecci\u00f3n de las personas que, en breve, podr\u00e1n acceder a tres viviendas en r\u00e9gimen de alquiler social en este municipio.<\/p>\n","protected":false},"excerpt":{"rendered":"<div class=\"mh-excerpt\">La Conselleria de Vivienda, Obras P\u00fablicas y Vertebraci\u00f3n del Territorio y el Ayuntamiento de Alzira van a dise\u00f1ar conjuntamente un plan de actuaci\u00f3n integral sostenible con el objetivo de revitalizar el grupo de viviendas y <a class=\"mh-excerpt-more\" href=\"https:\/\/www.tucomarca.com\/wordpress\/segunda\/vivienda-y-el-ayuntamiento-de-alzira-disenaran-un-plan-de-actuacion-integral-para-revitalizar-el-entorno-de-la-plaza-de-la-ribera\/\" title=\"Vivienda y el Ayuntamiento de Alzira dise\u00f1ar\u00e1n un plan de actuaci\u00f3n integral para revitalizar el entorno de la Plaza de la Ribera\">[+] <\/a><\/div>\n","protected":false},"author":2,"featured_media":0,"comment_status":"open","ping_status":"open","sticky":false,"template":"","format":"standard","meta":{"footnotes":""},"categories":[69,128,8,42,3],"tags":[10402,8722,8721,2672],"class_list":{"0":"post-39671","1":"post","2":"type-post","3":"status-publish","4":"format-standard","6":"category-alzira","7":"category-infraestructuras","8":"category-la-comarca","9":"category-la-ribera","10":"category-seccion","11":"tag-alzira","12":"tag-plaza-de-la-ribera","13":"tag-revitalizar","14":"tag-vivienda"},"_links":{"self":[{"href":"https:\/\/www.tucomarca.com\/wordpress\/segunda\/wp-json\/wp\/v2\/posts\/39671","targetHints":{"allow":["GET"]}}],"collection":[{"href":"https:\/\/www.tucomarca.com\/wordpress\/segunda\/wp-json\/wp\/v2\/posts"}],"about":[{"href":"https:\/\/www.tucomarca.com\/wordpress\/segunda\/wp-json\/wp\/v2\/types\/post"}],"author":[{"embeddable":true,"href":"https:\/\/www.tucomarca.com\/wordpress\/segunda\/wp-json\/wp\/v2\/users\/2"}],"replies":[{"embeddable":true,"href":"https:\/\/www.tucomarca.com\/wordpress\/segunda\/wp-json\/wp\/v2\/comments?post=39671"}],"version-history":[{"count":0,"href":"https:\/\/www.tucomarca.com\/wordpress\/segunda\/wp-json\/wp\/v2\/posts\/39671\/revisions"}],"wp:attachment":[{"href":"https:\/\/www.tucomarca.com\/wordpress\/segunda\/wp-json\/wp\/v2\/media?parent=39671"}],"wp:term":[{"taxonomy":"category","embeddable":true,"href":"https:\/\/www.tucomarca.com\/wordpress\/segunda\/wp-json\/wp\/v2\/categories?post=39671"},{"taxonomy":"post_tag","embeddable":true,"href":"https:\/\/www.tucomarca.com\/wordpress\/segunda\/wp-json\/wp\/v2\/tags?post=39671"}],"curies":[{"name":"wp","href":"https:\/\/api.w.org\/{rel}","templated":true}]}}