{"id":39722,"date":"2015-09-04T19:48:12","date_gmt":"2015-09-04T16:48:12","guid":{"rendered":"http:\/\/www.tucomarca.com\/wordpress\/segunda\/?p=39722"},"modified":"2015-09-04T19:48:16","modified_gmt":"2015-09-04T16:48:16","slug":"lalcalde-de-yatova-demana-assessorament-per-a-introduir-larea-de-govern-obert","status":"publish","type":"post","link":"https:\/\/www.tucomarca.com\/wordpress\/segunda\/lalcalde-de-yatova-demana-assessorament-per-a-introduir-larea-de-govern-obert\/","title":{"rendered":"L&#8217;alcalde de Y\u00e1tova demana assessorament per a introduir l&#8217;\u00e0rea de Govern Obert"},"content":{"rendered":"<p><figure id=\"attachment_39723\" aria-describedby=\"caption-attachment-39723\" style=\"width: 300px\" class=\"wp-caption alignleft\"><a href=\"https:\/\/www.tucomarca.com\/wordpress\/segunda\/2015\/09\/lalcalde-de-yatova-demana-assessorament-per-a-introduir-larea-de-govern-obert\/sony-dsc-90\/\" rel=\"attachment wp-att-39723\"><img loading=\"lazy\" decoding=\"async\" src=\"https:\/\/www.tucomarca.com\/wordpress\/segunda\/wp-content\/uploads\/2015\/09\/DSC04094-300x167.jpg\" alt=\"\" title=\"SONY DSC\" width=\"300\" height=\"167\" class=\"size-medium wp-image-39723\" srcset=\"https:\/\/www.tucomarca.com\/wordpress\/segunda\/wp-content\/uploads\/2015\/09\/DSC04094-300x167.jpg 300w, https:\/\/www.tucomarca.com\/wordpress\/segunda\/wp-content\/uploads\/2015\/09\/DSC04094-1024x572.jpg 1024w\" sizes=\"auto, (max-width: 300px) 100vw, 300px\" \/><\/a><figcaption id=\"caption-attachment-39723\" class=\"wp-caption-text\">Delegaci\u00f3 de Y\u00e1tova a la Diputaci\u00f3. tc.c<\/figcaption><\/figure>El diputat provincial, Bartolom\u00e9 Nofuentes, s&#8217;ha reunit amb l&#8217;alcalde de Y\u00e1tova, Miguel T\u00f3rtola, per a assessorar al primer edil en l&#8217;impuls de l&#8217;\u00e0rea municipal Govern Obert que ha creat el consistori de la comarca de Xiva-Foia de Bunyol.<\/p>\n<p>La reuni\u00f3 de treball s&#8217;ha desenvolupat en la seu de la instituci\u00f3 provincial, on el diputat ha explicat a l&#8217;alcalde totes les ajudes i iniciatives que t\u00e9 la seua \u00e0rea per a aquesta nova legislatura.<\/p>\n<p>El diputat de Govern Obert ha assenyalat que des del seu departament es va a ajudar a aquesta regidoria per ser un eix important en aquest nou per\u00edode.<\/p>\n<p>En aquesta l\u00ednia, el diputat ha volgut destacar l&#8217;especial inter\u00e8s que ha tingut l&#8217;alcalde de Y\u00e1tova en qu\u00e8 la Diputaci\u00f3 li preste el seu suport i assessorament i ha afegit que la seua delegaci\u00f3 estar\u00e0 al costat de tots els municipis que sol\u00b7liciten la seua ajuda.<\/p>\n","protected":false},"excerpt":{"rendered":"<div class=\"mh-excerpt\">El diputat provincial, Bartolom\u00e9 Nofuentes, s&#8217;ha reunit amb l&#8217;alcalde de Y\u00e1tova, Miguel T\u00f3rtola, per a assessorar al primer edil en l&#8217;impuls de l&#8217;\u00e0rea municipal Govern Obert que ha creat el consistori de la comarca de <a class=\"mh-excerpt-more\" href=\"https:\/\/www.tucomarca.com\/wordpress\/segunda\/lalcalde-de-yatova-demana-assessorament-per-a-introduir-larea-de-govern-obert\/\" title=\"L&#8217;alcalde de Y\u00e1tova demana assessorament per a introduir l&#8217;\u00e0rea de Govern Obert\">[+] <\/a><\/div>\n","protected":false},"author":2,"featured_media":39723,"comment_status":"open","ping_status":"open","sticky":false,"template":"","format":"standard","meta":{"footnotes":""},"categories":[8,10,142,3,45,11],"tags":[7335,8743,8744,10380],"class_list":{"0":"post-39722","1":"post","2":"type-post","3":"status-publish","4":"format-standard","5":"has-post-thumbnail","7":"category-la-comarca","8":"category-la-hoya","9":"category-politica-la-comarca","10":"category-seccion","11":"category-ventana","12":"category-yatova","13":"tag-area","14":"tag-assessorament","15":"tag-govern-obert","16":"tag-yatova"},"_links":{"self":[{"href":"https:\/\/www.tucomarca.com\/wordpress\/segunda\/wp-json\/wp\/v2\/posts\/39722","targetHints":{"allow":["GET"]}}],"collection":[{"href":"https:\/\/www.tucomarca.com\/wordpress\/segunda\/wp-json\/wp\/v2\/posts"}],"about":[{"href":"https:\/\/www.tucomarca.com\/wordpress\/segunda\/wp-json\/wp\/v2\/types\/post"}],"author":[{"embeddable":true,"href":"https:\/\/www.tucomarca.com\/wordpress\/segunda\/wp-json\/wp\/v2\/users\/2"}],"replies":[{"embeddable":true,"href":"https:\/\/www.tucomarca.com\/wordpress\/segunda\/wp-json\/wp\/v2\/comments?post=39722"}],"version-history":[{"count":0,"href":"https:\/\/www.tucomarca.com\/wordpress\/segunda\/wp-json\/wp\/v2\/posts\/39722\/revisions"}],"wp:featuredmedia":[{"embeddable":true,"href":"https:\/\/www.tucomarca.com\/wordpress\/segunda\/wp-json\/wp\/v2\/media\/39723"}],"wp:attachment":[{"href":"https:\/\/www.tucomarca.com\/wordpress\/segunda\/wp-json\/wp\/v2\/media?parent=39722"}],"wp:term":[{"taxonomy":"category","embeddable":true,"href":"https:\/\/www.tucomarca.com\/wordpress\/segunda\/wp-json\/wp\/v2\/categories?post=39722"},{"taxonomy":"post_tag","embeddable":true,"href":"https:\/\/www.tucomarca.com\/wordpress\/segunda\/wp-json\/wp\/v2\/tags?post=39722"}],"curies":[{"name":"wp","href":"https:\/\/api.w.org\/{rel}","templated":true}]}}