{"id":39979,"date":"2015-09-16T19:21:04","date_gmt":"2015-09-16T16:21:04","guid":{"rendered":"http:\/\/www.tucomarca.com\/wordpress\/segunda\/?p=39979"},"modified":"2015-09-16T19:21:08","modified_gmt":"2015-09-16T16:21:08","slug":"reunio-dels-regidors-de-cultura-del-camp-de-turia-a-la-pobla","status":"publish","type":"post","link":"https:\/\/www.tucomarca.com\/wordpress\/segunda\/reunio-dels-regidors-de-cultura-del-camp-de-turia-a-la-pobla\/","title":{"rendered":"Reuni\u00f3 dels regidors de Cultura del Camp de T\u00faria a La Pobla"},"content":{"rendered":"<p><figure id=\"attachment_39980\" aria-describedby=\"caption-attachment-39980\" style=\"width: 300px\" class=\"wp-caption alignleft\"><a href=\"https:\/\/www.tucomarca.com\/wordpress\/segunda\/2015\/09\/reunio-dels-regidors-de-cultura-del-camp-de-turia-a-la-pobla\/reunio-regidors-cultura-16setembre15\/\" rel=\"attachment wp-att-39980\"><img loading=\"lazy\" decoding=\"async\" src=\"https:\/\/www.tucomarca.com\/wordpress\/segunda\/wp-content\/uploads\/2015\/09\/Reunio-regidors-cultura.16setembre15-e1442420425302-300x170.jpg\" alt=\"\" title=\"Reunio regidors cultura.16setembre15\" width=\"300\" height=\"170\" class=\"size-medium wp-image-39980\" srcset=\"https:\/\/www.tucomarca.com\/wordpress\/segunda\/wp-content\/uploads\/2015\/09\/Reunio-regidors-cultura.16setembre15-e1442420425302-300x170.jpg 300w, https:\/\/www.tucomarca.com\/wordpress\/segunda\/wp-content\/uploads\/2015\/09\/Reunio-regidors-cultura.16setembre15-e1442420425302-1024x582.jpg 1024w, https:\/\/www.tucomarca.com\/wordpress\/segunda\/wp-content\/uploads\/2015\/09\/Reunio-regidors-cultura.16setembre15-e1442420425302.jpeg 2025w\" sizes=\"auto, (max-width: 300px) 100vw, 300px\" \/><\/a><figcaption id=\"caption-attachment-39980\" class=\"wp-caption-text\">Reuni\u00f3 dels regidors de Cultura del Camp de T\u00faria. tc.c<\/figcaption><\/figure>Els regidors dels diferents municipis de Camp T\u00faria s\u2019han reunit este mat\u00ed a l\u2019Ajuntament de La Pobla de Vallbona per tal de posar en com\u00fa propostes i activitats culturals i de promoci\u00f3 i \u00fas del valenci\u00e0.<br \/>\nEls regidors de Cultura i M\u00fasica de la Pobla de Vallbona, Beatriu Palmero i Fran Esteban, han proposat la creaci\u00f3 d\u2019un cicle de m\u00fasica dedicat a Ovidi Montllor que es duria a terme en diferents pobles de la comarca.  Una proposta que ha sigut molt ben rebuda pels representants de la resta de municipis de Camp de T\u00faria.<br \/>\nUn altre dels punts clau d\u2019esta reuni\u00f3 \u00e9s l\u2019extensi\u00f3 de les Ag\u00e8ncies d\u2019\u00das i Promoci\u00f3 del Valenci\u00e0. Actualment nom\u00e9s la Pobla de Vallbona i Ll\u00edria disposen d\u2019estes oficines per\u00f2 altres municipis de la comarca estan ja treballant per a posar-les en marxa.<br \/>\nDonat que l\u2019Ag\u00e8ncia de Promoci\u00f3 del Valenci\u00e0 (AVIVA) de la Pobla de Vallbona t\u00e9 m\u00e9s de 10 anys d\u2019experi\u00e8ncia, ser\u00e0 des d\u2019ac\u00ed  des d\u2019on es  donar\u00e0 suport i assessorament  a la resta de municipis per a la apertura  d\u2019estes oficines de promoci\u00f3 ling\u00fc\u00edstica.<br \/>\nEstan previstes noves reunions comarcals per a refor\u00e7ar els lligams <\/p>\n","protected":false},"excerpt":{"rendered":"<div class=\"mh-excerpt\">Els regidors dels diferents municipis de Camp T\u00faria s\u2019han reunit este mat\u00ed a l\u2019Ajuntament de La Pobla de Vallbona per tal de posar en com\u00fa propostes i activitats culturals i de promoci\u00f3 i \u00fas del <a class=\"mh-excerpt-more\" href=\"https:\/\/www.tucomarca.com\/wordpress\/segunda\/reunio-dels-regidors-de-cultura-del-camp-de-turia-a-la-pobla\/\" title=\"Reuni\u00f3 dels regidors de Cultura del Camp de T\u00faria a La Pobla\">[+] <\/a><\/div>\n","protected":false},"author":2,"featured_media":39980,"comment_status":"open","ping_status":"open","sticky":false,"template":"","format":"standard","meta":{"footnotes":""},"categories":[46,8,174,7,3,45],"tags":[10395,456,10430,8838,8837],"class_list":{"0":"post-39979","1":"post","2":"type-post","3":"status-publish","4":"format-standard","5":"has-post-thumbnail","7":"category-camp-de-turia","8":"category-la-comarca","9":"category-la-pobla","10":"category-ocio-y-cultura","11":"category-seccion","12":"category-ventana","13":"tag-camp-de-turia","14":"tag-cultura","15":"tag-la-pobla","16":"tag-regidors","17":"tag-reunio"},"_links":{"self":[{"href":"https:\/\/www.tucomarca.com\/wordpress\/segunda\/wp-json\/wp\/v2\/posts\/39979","targetHints":{"allow":["GET"]}}],"collection":[{"href":"https:\/\/www.tucomarca.com\/wordpress\/segunda\/wp-json\/wp\/v2\/posts"}],"about":[{"href":"https:\/\/www.tucomarca.com\/wordpress\/segunda\/wp-json\/wp\/v2\/types\/post"}],"author":[{"embeddable":true,"href":"https:\/\/www.tucomarca.com\/wordpress\/segunda\/wp-json\/wp\/v2\/users\/2"}],"replies":[{"embeddable":true,"href":"https:\/\/www.tucomarca.com\/wordpress\/segunda\/wp-json\/wp\/v2\/comments?post=39979"}],"version-history":[{"count":0,"href":"https:\/\/www.tucomarca.com\/wordpress\/segunda\/wp-json\/wp\/v2\/posts\/39979\/revisions"}],"wp:featuredmedia":[{"embeddable":true,"href":"https:\/\/www.tucomarca.com\/wordpress\/segunda\/wp-json\/wp\/v2\/media\/39980"}],"wp:attachment":[{"href":"https:\/\/www.tucomarca.com\/wordpress\/segunda\/wp-json\/wp\/v2\/media?parent=39979"}],"wp:term":[{"taxonomy":"category","embeddable":true,"href":"https:\/\/www.tucomarca.com\/wordpress\/segunda\/wp-json\/wp\/v2\/categories?post=39979"},{"taxonomy":"post_tag","embeddable":true,"href":"https:\/\/www.tucomarca.com\/wordpress\/segunda\/wp-json\/wp\/v2\/tags?post=39979"}],"curies":[{"name":"wp","href":"https:\/\/api.w.org\/{rel}","templated":true}]}}