{"id":40097,"date":"2015-09-18T19:39:44","date_gmt":"2015-09-18T16:39:44","guid":{"rendered":"http:\/\/www.tucomarca.com\/wordpress\/segunda\/?p=40097"},"modified":"2015-09-18T19:51:54","modified_gmt":"2015-09-18T16:51:54","slug":"alborache-solicita-a-diputacion-que-la-central-de-compras-amplie-herramientas-para-zonas-del-interior","status":"publish","type":"post","link":"https:\/\/www.tucomarca.com\/wordpress\/segunda\/alborache-solicita-a-diputacion-que-la-central-de-compras-amplie-herramientas-para-zonas-del-interior\/","title":{"rendered":"Alborache solicita a Diputaci\u00f3n que la central de compras ampl\u00ede herramientas para zonas del interior"},"content":{"rendered":"<figure id=\"attachment_40125\" aria-describedby=\"caption-attachment-40125\" style=\"width: 393px\" class=\"wp-caption alignleft\"><a href=\"https:\/\/www.tucomarca.com\/wordpress\/segunda\/wp-content\/uploads\/2015\/09\/Alborache.jpg\"><img loading=\"lazy\" decoding=\"async\" class=\"size-large wp-image-40125   \" title=\"SONY DSC\" src=\"https:\/\/www.tucomarca.com\/wordpress\/segunda\/wp-content\/uploads\/2015\/09\/Alborache-1024x572.jpg\" alt=\"Reuni\u00f3n entre el diputado y la alcaldesa de Alborache.\" width=\"393\" height=\"219\" srcset=\"https:\/\/www.tucomarca.com\/wordpress\/segunda\/wp-content\/uploads\/2015\/09\/Alborache-1024x572.jpg 1024w, https:\/\/www.tucomarca.com\/wordpress\/segunda\/wp-content\/uploads\/2015\/09\/Alborache-300x167.jpg 300w\" sizes=\"auto, (max-width: 393px) 100vw, 393px\" \/><\/a><figcaption id=\"caption-attachment-40125\" class=\"wp-caption-text\">Reuni\u00f3n entre el diputado y la alcaldesa de Alborache.<\/figcaption><\/figure>\n<p>El diputado de Central de Compras, Bartolom\u00e9 Nofuentes, se ha reunido con la alcaldesa de Alborache, Paqui Collado, en la Diputaci\u00f3n de Valencia.<\/p>\n<p>La primera edil de Alborache plante\u00f3 al diputado que la nueva Diputaci\u00f3n valore la posibilidad de incluir en la Central de Compras nuevas herramientas espec\u00edficas para municipios de interior que no est\u00e1n contempladas, como es el caso de veh\u00edculos o maquinaria para el mantenimiento de parques naturales, bosques o montes.<\/p>\n<p>Seg\u00fan Paqui Collado, la compra y el uso de ese tipo de recursos se podr\u00edan mancomunar para optimizar el gasto, porque para un solo municipio no es rentable.<\/p>\n<p>El diputado Nofuentes ha agradecido las aportaciones de la alcaldesa de Alborache y ha calificado el encuentro de \u201cnecesario para testear y redefinir necesidades que son dif\u00edciles de describir en la encuesta previa que hemos remitido a los ayuntamientos\u201d.<\/p>\n<h2><span style=\"font-size: x-small;\"><span style=\"font-weight: normal;\"><br \/>\n<\/span><\/span><\/h2>\n<p>&nbsp;<\/p>\n","protected":false},"excerpt":{"rendered":"<div class=\"mh-excerpt\">El diputado de Central de Compras, Bartolom\u00e9 Nofuentes, se ha reunido con la alcaldesa de Alborache, Paqui Collado, en la Diputaci\u00f3n de Valencia. La primera edil de Alborache plante\u00f3 al diputado que la nueva Diputaci\u00f3n <a class=\"mh-excerpt-more\" href=\"https:\/\/www.tucomarca.com\/wordpress\/segunda\/alborache-solicita-a-diputacion-que-la-central-de-compras-amplie-herramientas-para-zonas-del-interior\/\" title=\"Alborache solicita a Diputaci\u00f3n que la central de compras ampl\u00ede herramientas para zonas del interior\">[+] <\/a><\/div>\n","protected":false},"author":1,"featured_media":40125,"comment_status":"open","ping_status":"open","sticky":false,"template":"","format":"standard","meta":{"footnotes":""},"categories":[19,128,8,10,3,45],"tags":[],"class_list":{"0":"post-40097","1":"post","2":"type-post","3":"status-publish","4":"format-standard","5":"has-post-thumbnail","7":"category-alborache","8":"category-infraestructuras","9":"category-la-comarca","10":"category-la-hoya","11":"category-seccion","12":"category-ventana"},"_links":{"self":[{"href":"https:\/\/www.tucomarca.com\/wordpress\/segunda\/wp-json\/wp\/v2\/posts\/40097","targetHints":{"allow":["GET"]}}],"collection":[{"href":"https:\/\/www.tucomarca.com\/wordpress\/segunda\/wp-json\/wp\/v2\/posts"}],"about":[{"href":"https:\/\/www.tucomarca.com\/wordpress\/segunda\/wp-json\/wp\/v2\/types\/post"}],"author":[{"embeddable":true,"href":"https:\/\/www.tucomarca.com\/wordpress\/segunda\/wp-json\/wp\/v2\/users\/1"}],"replies":[{"embeddable":true,"href":"https:\/\/www.tucomarca.com\/wordpress\/segunda\/wp-json\/wp\/v2\/comments?post=40097"}],"version-history":[{"count":0,"href":"https:\/\/www.tucomarca.com\/wordpress\/segunda\/wp-json\/wp\/v2\/posts\/40097\/revisions"}],"wp:featuredmedia":[{"embeddable":true,"href":"https:\/\/www.tucomarca.com\/wordpress\/segunda\/wp-json\/wp\/v2\/media\/40125"}],"wp:attachment":[{"href":"https:\/\/www.tucomarca.com\/wordpress\/segunda\/wp-json\/wp\/v2\/media?parent=40097"}],"wp:term":[{"taxonomy":"category","embeddable":true,"href":"https:\/\/www.tucomarca.com\/wordpress\/segunda\/wp-json\/wp\/v2\/categories?post=40097"},{"taxonomy":"post_tag","embeddable":true,"href":"https:\/\/www.tucomarca.com\/wordpress\/segunda\/wp-json\/wp\/v2\/tags?post=40097"}],"curies":[{"name":"wp","href":"https:\/\/api.w.org\/{rel}","templated":true}]}}