{"id":40103,"date":"2015-09-18T19:44:10","date_gmt":"2015-09-18T16:44:10","guid":{"rendered":"http:\/\/www.tucomarca.com\/wordpress\/segunda\/?p=40103"},"modified":"2015-09-18T19:57:12","modified_gmt":"2015-09-18T16:57:12","slug":"el-pp-de-leliana-exige-la-dimision-del-concejal-de-fiestas-tras-su-imputacion-por-injurias-y-calumnias","status":"publish","type":"post","link":"https:\/\/www.tucomarca.com\/wordpress\/segunda\/el-pp-de-leliana-exige-la-dimision-del-concejal-de-fiestas-tras-su-imputacion-por-injurias-y-calumnias\/","title":{"rendered":"El PP de la Eliana exige la dimisi\u00f3n del concejal de Fiestas tras su imputaci\u00f3n por injurias y calumnias"},"content":{"rendered":"<p>El portavoz del Partido Popular en el Ayuntamiento de l\u2019Eliana, Sergio Montaner ha exigido hoy la dimisi\u00f3n del concejal de Fiestas, Enrique Mart\u00ednez, as\u00ed como del jefe de gabinete del alcalde, Jorge P\u00e9rez, despu\u00e9s de que el Juzgado de Primera Instancia e Instrucci\u00f3n n\u00famero 3 de Ll\u00edria los haya imputado por un presunto delito de injurias y calumnias hacia su persona.<\/p>\n<p>Montaner ha explicado que los hechos a los que se refiere este auto se produjeron en la jornada de reflexi\u00f3n de la pasada campa\u00f1a electoral, cometiendo adem\u00e1s delito electoral, cuando se detect\u00f3 el reparto de panfletos con contenido ofensivo y falso hacia \u00e9l, motivo por el cual present\u00f3 la denuncia en el juzgado, y por el que se inici\u00f3 la investigaci\u00f3n judicial que ha permitido la identificaci\u00f3n de las personas que presuntamente estar\u00edan detr\u00e1s del reparto de este folleto.<\/p>\n<p>El portavoz municipal ha calificado estos hechos de \u201cmuy graves\u201d al tiempo que ha manifestado que \u201cde demostrarse que estas personas han cometido estas fechor\u00edas, pondr\u00edan en evidencia el juego sucio, el \u2018modus operandi\u2019 y el talante del PSPV-PSOE durante la pasada campa\u00f1a electoral. Ahora est\u00e1 en manos del alcalde Salva Torrent, si mantiene a 2 imputados dentro del Ayuntamiento de l\u2019Eliana o si cumple compromiso del PSOE de expulsar a sus imputados\u201d.<\/p>\n<p>Asimismo, Montaner ha solicitado tanto al concejal como al personal de confianza del actual alcalde de l\u2019Eliana \u201cque pidan disculpas p\u00fablicamente y &#8211;ha a\u00f1adido\u2014\u201csi tienen sentido de la dignidad, de la verg\u00fcenza y de la responsabilidad pol\u00edtica que dejen sus responsabilidades en el Ayuntamiento inmediatamente\u201d.<\/p>\n<p>&nbsp;<\/p>\n","protected":false},"excerpt":{"rendered":"<div class=\"mh-excerpt\">El portavoz del Partido Popular en el Ayuntamiento de l\u2019Eliana, Sergio Montaner ha exigido hoy la dimisi\u00f3n del concejal de Fiestas, Enrique Mart\u00ednez, as\u00ed como del jefe de gabinete del alcalde, Jorge P\u00e9rez, despu\u00e9s de <a class=\"mh-excerpt-more\" href=\"https:\/\/www.tucomarca.com\/wordpress\/segunda\/el-pp-de-leliana-exige-la-dimision-del-concejal-de-fiestas-tras-su-imputacion-por-injurias-y-calumnias\/\" title=\"El PP de la Eliana exige la dimisi\u00f3n del concejal de Fiestas tras su imputaci\u00f3n por injurias y calumnias\">[+] <\/a><\/div>\n","protected":false},"author":1,"featured_media":0,"comment_status":"open","ping_status":"open","sticky":false,"template":"","format":"standard","meta":{"footnotes":""},"categories":[46,177,8,142,3],"tags":[],"class_list":{"0":"post-40103","1":"post","2":"type-post","3":"status-publish","4":"format-standard","6":"category-camp-de-turia","7":"category-leliana","8":"category-la-comarca","9":"category-politica-la-comarca","10":"category-seccion"},"_links":{"self":[{"href":"https:\/\/www.tucomarca.com\/wordpress\/segunda\/wp-json\/wp\/v2\/posts\/40103","targetHints":{"allow":["GET"]}}],"collection":[{"href":"https:\/\/www.tucomarca.com\/wordpress\/segunda\/wp-json\/wp\/v2\/posts"}],"about":[{"href":"https:\/\/www.tucomarca.com\/wordpress\/segunda\/wp-json\/wp\/v2\/types\/post"}],"author":[{"embeddable":true,"href":"https:\/\/www.tucomarca.com\/wordpress\/segunda\/wp-json\/wp\/v2\/users\/1"}],"replies":[{"embeddable":true,"href":"https:\/\/www.tucomarca.com\/wordpress\/segunda\/wp-json\/wp\/v2\/comments?post=40103"}],"version-history":[{"count":0,"href":"https:\/\/www.tucomarca.com\/wordpress\/segunda\/wp-json\/wp\/v2\/posts\/40103\/revisions"}],"wp:attachment":[{"href":"https:\/\/www.tucomarca.com\/wordpress\/segunda\/wp-json\/wp\/v2\/media?parent=40103"}],"wp:term":[{"taxonomy":"category","embeddable":true,"href":"https:\/\/www.tucomarca.com\/wordpress\/segunda\/wp-json\/wp\/v2\/categories?post=40103"},{"taxonomy":"post_tag","embeddable":true,"href":"https:\/\/www.tucomarca.com\/wordpress\/segunda\/wp-json\/wp\/v2\/tags?post=40103"}],"curies":[{"name":"wp","href":"https:\/\/api.w.org\/{rel}","templated":true}]}}