{"id":40116,"date":"2015-09-18T19:43:35","date_gmt":"2015-09-18T16:43:35","guid":{"rendered":"http:\/\/www.tucomarca.com\/wordpress\/segunda\/?p=40116"},"modified":"2015-09-18T19:43:35","modified_gmt":"2015-09-18T16:43:35","slug":"cheste-acoge-este-sabado-su-xix-media-maraton","status":"publish","type":"post","link":"https:\/\/www.tucomarca.com\/wordpress\/segunda\/cheste-acoge-este-sabado-su-xix-media-maraton\/","title":{"rendered":"Cheste acoge este s\u00e1bado su XIX Media Marat\u00f3n"},"content":{"rendered":"<figure id=\"attachment_40117\" aria-describedby=\"caption-attachment-40117\" style=\"width: 316px\" class=\"wp-caption alignleft\"><a href=\"https:\/\/www.tucomarca.com\/wordpress\/segunda\/wp-content\/uploads\/2015\/09\/Cartel-media_-noticiaweb.png\"><img loading=\"lazy\" decoding=\"async\" class=\"size-full wp-image-40117 \" title=\"Cartel-media_-noticiaweb\" src=\"https:\/\/www.tucomarca.com\/wordpress\/segunda\/wp-content\/uploads\/2015\/09\/Cartel-media_-noticiaweb.png\" alt=\"Cartel de la prueba de este a\u00f1o.\" width=\"316\" height=\"446\" srcset=\"https:\/\/www.tucomarca.com\/wordpress\/segunda\/wp-content\/uploads\/2015\/09\/Cartel-media_-noticiaweb.png 351w, https:\/\/www.tucomarca.com\/wordpress\/segunda\/wp-content\/uploads\/2015\/09\/Cartel-media_-noticiaweb-212x300.png 212w\" sizes=\"auto, (max-width: 316px) 100vw, 316px\" \/><\/a><figcaption id=\"caption-attachment-40117\" class=\"wp-caption-text\">Cartel de la prueba de este a\u00f1o.<\/figcaption><\/figure>\n<p>Este s\u00e1bado d\u00eda 19 de septiembre a las 18,00 h se celebrar\u00e1 la decimonovena edici\u00f3n de la Media Marat\u00f3n de Cheste Gran Premio Reymos.<\/p>\n<p>Este a\u00f1o la carrera cuenta con varias iniciativas de concienciaci\u00f3n ambiental, como los puntos verdes de recogida y reciclado de envases situados a 100 metros de cada uno de los 4 puntos de avituallamiento o la Feria del Reciclaje, en la que los m\u00e1s peque\u00f1os podr\u00e1n disfrutar, desde las 17:50\u00a0 a las 19:30 h, de las actividades de la campa\u00f1a <em>Recicla con los cinco sentidos.<\/em><\/p>\n<p>Como en cada edici\u00f3n los atletas recibir\u00e1n su\u00a0bolsa del corredor con diferentes obsequios: un original portadorsal, un saco deportivo, galletas, una botella de espumoso de moscatel y un brick de caldo y adem\u00e1s, los dos corredores locales que lleguen primero recibir\u00e1n un cheque de una cena para dos personas.<\/p>\n<p>La prueba, con un recorrido de 21,45 km, que discurre en su mayor\u00eda por los campos del municipio, contar\u00e1 con avituallamiento en cuatro puntos kilom\u00e9tricos (5 km, 10 km, 16 km y al final del recorrido) y los participantes dispondr\u00e1n de servicio de duchas en el pabell\u00f3n deportivo municipal.<\/p>\n<p>La retirada de dorsales se realizar\u00e1 a partir de las 16:00 h en la plaza Doctor Cajal y finalizar\u00e1 15 minutos antes del inicio de la carrera, cuya salida ser\u00e1 en la calle Chiva.<\/p>\n<p>Para los m\u00e1s peque\u00f1os se organizar\u00e1n carreras infantiles que comenzar\u00e1n a las 16:15 h con las categor\u00edas desde chupet\u00edn hasta juvenil. Su inscripci\u00f3n ser\u00e1 gratuita y se realizar\u00e1 antes de la carrera, a partir de las 15 h y todos los participantes recibir\u00e1n su medalla.<\/p>\n","protected":false},"excerpt":{"rendered":"<div class=\"mh-excerpt\">Este s\u00e1bado d\u00eda 19 de septiembre a las 18,00 h se celebrar\u00e1 la decimonovena edici\u00f3n de la Media Marat\u00f3n de Cheste Gran Premio Reymos. Este a\u00f1o la carrera cuenta con varias iniciativas de concienciaci\u00f3n ambiental, <a class=\"mh-excerpt-more\" href=\"https:\/\/www.tucomarca.com\/wordpress\/segunda\/cheste-acoge-este-sabado-su-xix-media-maraton\/\" title=\"Cheste acoge este s\u00e1bado su XIX Media Marat\u00f3n\">[+] <\/a><\/div>\n","protected":false},"author":1,"featured_media":40117,"comment_status":"open","ping_status":"open","sticky":false,"template":"","format":"standard","meta":{"footnotes":""},"categories":[98,17,6,10,3],"tags":[],"class_list":{"0":"post-40116","1":"post","2":"type-post","3":"status-publish","4":"format-standard","5":"has-post-thumbnail","7":"category-atletismo","8":"category-cheste","9":"category-deportes","10":"category-la-hoya","11":"category-seccion"},"_links":{"self":[{"href":"https:\/\/www.tucomarca.com\/wordpress\/segunda\/wp-json\/wp\/v2\/posts\/40116","targetHints":{"allow":["GET"]}}],"collection":[{"href":"https:\/\/www.tucomarca.com\/wordpress\/segunda\/wp-json\/wp\/v2\/posts"}],"about":[{"href":"https:\/\/www.tucomarca.com\/wordpress\/segunda\/wp-json\/wp\/v2\/types\/post"}],"author":[{"embeddable":true,"href":"https:\/\/www.tucomarca.com\/wordpress\/segunda\/wp-json\/wp\/v2\/users\/1"}],"replies":[{"embeddable":true,"href":"https:\/\/www.tucomarca.com\/wordpress\/segunda\/wp-json\/wp\/v2\/comments?post=40116"}],"version-history":[{"count":0,"href":"https:\/\/www.tucomarca.com\/wordpress\/segunda\/wp-json\/wp\/v2\/posts\/40116\/revisions"}],"wp:featuredmedia":[{"embeddable":true,"href":"https:\/\/www.tucomarca.com\/wordpress\/segunda\/wp-json\/wp\/v2\/media\/40117"}],"wp:attachment":[{"href":"https:\/\/www.tucomarca.com\/wordpress\/segunda\/wp-json\/wp\/v2\/media?parent=40116"}],"wp:term":[{"taxonomy":"category","embeddable":true,"href":"https:\/\/www.tucomarca.com\/wordpress\/segunda\/wp-json\/wp\/v2\/categories?post=40116"},{"taxonomy":"post_tag","embeddable":true,"href":"https:\/\/www.tucomarca.com\/wordpress\/segunda\/wp-json\/wp\/v2\/tags?post=40116"}],"curies":[{"name":"wp","href":"https:\/\/api.w.org\/{rel}","templated":true}]}}