{"id":40203,"date":"2015-09-29T15:12:23","date_gmt":"2015-09-29T12:12:23","guid":{"rendered":"http:\/\/www.tucomarca.com\/wordpress\/segunda\/?p=40203"},"modified":"2015-09-29T15:12:23","modified_gmt":"2015-09-29T12:12:23","slug":"una-tormenta-con-pedrisco-dana-las-cosechas-de-uvas-en-las-parcelas-sin-vendimiar","status":"publish","type":"post","link":"https:\/\/www.tucomarca.com\/wordpress\/segunda\/una-tormenta-con-pedrisco-dana-las-cosechas-de-uvas-en-las-parcelas-sin-vendimiar\/","title":{"rendered":"Una tormenta con pedrisco da\u00f1a las cosechas de uvas en las parcelas sin vendimiar"},"content":{"rendered":"<p>Sobre las 16 horas de este pasado lunes, una tormenta de agua y abundante  granizo afect\u00f3 a buena parte de los municipios de Utiel, Caudete de las Fuentes,  Sinarcas y Venta del Moro principalmente causando da\u00f1os en parcelas de vi\u00f1a que todav\u00eda quedan por vendimiar.<br \/>\nLas cantidades de agua de lluvia recogidas no fueron muy significativas en general y oscilaron entre los 5 y los 20 litros por metro cuadrado.<br \/>\nLa tormenta entr\u00f3 a la comarca Requena-Utiel desde la provincia de Teruel  por el municipio de Sinarcas y la recorri\u00f3 de norte a sur.<br \/>\nLa menor intensidad del fen\u00f3meno atmosf\u00e9rico se dio en el termino municipal de Requena. Informa Luis Ib\u00e1\u00f1ez.<\/p>\n","protected":false},"excerpt":{"rendered":"<div class=\"mh-excerpt\">Sobre las 16 horas de este pasado lunes, una tormenta de agua y abundante granizo afect\u00f3 a buena parte de los municipios de Utiel, Caudete de las Fuentes, Sinarcas y Venta del Moro principalmente causando <a class=\"mh-excerpt-more\" href=\"https:\/\/www.tucomarca.com\/wordpress\/segunda\/una-tormenta-con-pedrisco-dana-las-cosechas-de-uvas-en-las-parcelas-sin-vendimiar\/\" title=\"Una tormenta con pedrisco da\u00f1a las cosechas de uvas en las parcelas sin vendimiar\">[+] <\/a><\/div>\n","protected":false},"author":2,"featured_media":0,"comment_status":"open","ping_status":"open","sticky":false,"template":"","format":"standard","meta":{"footnotes":""},"categories":[113,8,27,3],"tags":[8360,8895,1443,1963],"class_list":{"0":"post-40203","1":"post","2":"type-post","3":"status-publish","4":"format-standard","6":"category-vinos","7":"category-la-comarca","8":"category-requena-utiel","9":"category-seccion","10":"tag-dana","11":"tag-faltaba-por-vendimiar","12":"tag-pedrisco","13":"tag-uva"},"_links":{"self":[{"href":"https:\/\/www.tucomarca.com\/wordpress\/segunda\/wp-json\/wp\/v2\/posts\/40203","targetHints":{"allow":["GET"]}}],"collection":[{"href":"https:\/\/www.tucomarca.com\/wordpress\/segunda\/wp-json\/wp\/v2\/posts"}],"about":[{"href":"https:\/\/www.tucomarca.com\/wordpress\/segunda\/wp-json\/wp\/v2\/types\/post"}],"author":[{"embeddable":true,"href":"https:\/\/www.tucomarca.com\/wordpress\/segunda\/wp-json\/wp\/v2\/users\/2"}],"replies":[{"embeddable":true,"href":"https:\/\/www.tucomarca.com\/wordpress\/segunda\/wp-json\/wp\/v2\/comments?post=40203"}],"version-history":[{"count":0,"href":"https:\/\/www.tucomarca.com\/wordpress\/segunda\/wp-json\/wp\/v2\/posts\/40203\/revisions"}],"wp:attachment":[{"href":"https:\/\/www.tucomarca.com\/wordpress\/segunda\/wp-json\/wp\/v2\/media?parent=40203"}],"wp:term":[{"taxonomy":"category","embeddable":true,"href":"https:\/\/www.tucomarca.com\/wordpress\/segunda\/wp-json\/wp\/v2\/categories?post=40203"},{"taxonomy":"post_tag","embeddable":true,"href":"https:\/\/www.tucomarca.com\/wordpress\/segunda\/wp-json\/wp\/v2\/tags?post=40203"}],"curies":[{"name":"wp","href":"https:\/\/api.w.org\/{rel}","templated":true}]}}