{"id":40205,"date":"2015-09-29T15:14:28","date_gmt":"2015-09-29T12:14:28","guid":{"rendered":"http:\/\/www.tucomarca.com\/wordpress\/segunda\/?p=40205"},"modified":"2015-09-29T15:14:28","modified_gmt":"2015-09-29T12:14:28","slug":"se-constituye-en-cheste-el-equipo-de-servicios-sociales","status":"publish","type":"post","link":"https:\/\/www.tucomarca.com\/wordpress\/segunda\/se-constituye-en-cheste-el-equipo-de-servicios-sociales\/","title":{"rendered":"Se constituye en Cheste el equipo de servicios sociales"},"content":{"rendered":"<p>El pasado mi\u00e9rcoles 16 de septiembre la concejala de Servicios Sociales, Mar\u00eda \u00c1ngeles Llorente, convoc\u00f3 en el Centro de Servicios Sociales de Cheste a todos los profesionales del municipio que trabajan en alg\u00fan tema relacionado con este \u00e1rea para crear un equipo coordinado que trabaje en red y atienda todas las necesidades del municipio de forma m\u00e1s eficaz.<\/p>\n<p>A la reuni\u00f3n asistieron el responsable del programa \u201cInfancia y Familia\u201d, la responsable de la Unidad de Prevenci\u00f3n Comunitaria (UPC), el psicopedagogo municipal, el responsable del programa de absentismo, los psic\u00f3logos de los centros de Primaria y Secundaria, la responsable de la Agencia de Desarrollo Local, la t\u00e9cnico de juventud, la t\u00e9cnico de servicios sociales, la trabajadora social del Centro de Salud, la trabajadora social del Servicio Especializado de Atenci\u00f3n a la Familia y la Infancia (SEAFI), la orientadora del IES Ricardo Mar\u00edn, la responsable de los talleres de \u201cMemoria y Alzheimer\u201d, dos polic\u00edas de proximidad, una persona encargada de tareas de voluntariado y la responsable del \u00e1rea de Servicios Sociales del Partido Popular, invitada por Llorente para formar parte del equipo.<\/p>\n<p>En esta primera sesi\u00f3n se cre\u00f3 el organigrama del equipo de trabajo y se acord\u00f3 elaborar un mapa de necesidades de cada \u00e1mbito de intervenci\u00f3n y conectar sus respectivos planes de trabajo. En paralelo se va a realizar una b\u00fasqueda de subvenciones para contar con la m\u00e1xima financiaci\u00f3n para el \u00e1rea de Servicios Sociales del municipio. El equipo de trabajo acord\u00f3 finalizar estas tareas antes de que concluya el primer trimestre y celebrar\u00e1n la pr\u00f3xima reuni\u00f3n de equipo el mi\u00e9rcoles 2 de diciembre.<\/p>\n","protected":false},"excerpt":{"rendered":"<div class=\"mh-excerpt\">El pasado mi\u00e9rcoles 16 de septiembre la concejala de Servicios Sociales, Mar\u00eda \u00c1ngeles Llorente, convoc\u00f3 en el Centro de Servicios Sociales de Cheste a todos los profesionales del municipio que trabajan en alg\u00fan tema relacionado <a class=\"mh-excerpt-more\" href=\"https:\/\/www.tucomarca.com\/wordpress\/segunda\/se-constituye-en-cheste-el-equipo-de-servicios-sociales\/\" title=\"Se constituye en Cheste el equipo de servicios sociales\">[+] <\/a><\/div>\n","protected":false},"author":2,"featured_media":0,"comment_status":"open","ping_status":"open","sticky":false,"template":"","format":"standard","meta":{"footnotes":""},"categories":[17,8,10,3],"tags":[339,3918,8896,604],"class_list":{"0":"post-40205","1":"post","2":"type-post","3":"status-publish","4":"format-standard","6":"category-cheste","7":"category-la-comarca","8":"category-la-hoya","9":"category-seccion","10":"tag-cheste-2","11":"tag-equipo","12":"tag-se-constituye","13":"tag-servicios-sociales"},"_links":{"self":[{"href":"https:\/\/www.tucomarca.com\/wordpress\/segunda\/wp-json\/wp\/v2\/posts\/40205","targetHints":{"allow":["GET"]}}],"collection":[{"href":"https:\/\/www.tucomarca.com\/wordpress\/segunda\/wp-json\/wp\/v2\/posts"}],"about":[{"href":"https:\/\/www.tucomarca.com\/wordpress\/segunda\/wp-json\/wp\/v2\/types\/post"}],"author":[{"embeddable":true,"href":"https:\/\/www.tucomarca.com\/wordpress\/segunda\/wp-json\/wp\/v2\/users\/2"}],"replies":[{"embeddable":true,"href":"https:\/\/www.tucomarca.com\/wordpress\/segunda\/wp-json\/wp\/v2\/comments?post=40205"}],"version-history":[{"count":0,"href":"https:\/\/www.tucomarca.com\/wordpress\/segunda\/wp-json\/wp\/v2\/posts\/40205\/revisions"}],"wp:attachment":[{"href":"https:\/\/www.tucomarca.com\/wordpress\/segunda\/wp-json\/wp\/v2\/media?parent=40205"}],"wp:term":[{"taxonomy":"category","embeddable":true,"href":"https:\/\/www.tucomarca.com\/wordpress\/segunda\/wp-json\/wp\/v2\/categories?post=40205"},{"taxonomy":"post_tag","embeddable":true,"href":"https:\/\/www.tucomarca.com\/wordpress\/segunda\/wp-json\/wp\/v2\/tags?post=40205"}],"curies":[{"name":"wp","href":"https:\/\/api.w.org\/{rel}","templated":true}]}}