{"id":40207,"date":"2015-09-29T15:17:58","date_gmt":"2015-09-29T12:17:58","guid":{"rendered":"http:\/\/www.tucomarca.com\/wordpress\/segunda\/?p=40207"},"modified":"2015-09-29T15:17:58","modified_gmt":"2015-09-29T12:17:58","slug":"proteccion-civil-y-emergencias-alerta-por-lluvias-fuertes-en-el-area-mediterranea","status":"publish","type":"post","link":"https:\/\/www.tucomarca.com\/wordpress\/segunda\/proteccion-civil-y-emergencias-alerta-por-lluvias-fuertes-en-el-area-mediterranea\/","title":{"rendered":"Protecci\u00f3n Civil y Emergencias alerta por lluvias fuertes en el \u00e1rea mediterr\u00e1nea"},"content":{"rendered":"<p>La Direcci\u00f3n General de Protecci\u00f3n Civil y Emergencias del Ministerio del Interior, de acuerdo con las predicciones de la Agencia Estatal de Meteorolog\u00eda (AEMET), alerta por fuertes lluvias que pueden registrarse hoy en la provincia de Girona, con precipitaciones de 100 l\/m2 en 12 horas, as\u00ed como por viento fuerte en puntos del litoral noreste.<\/p>\n<p>En la zona del Mediterr\u00e1neo, en concreto en Alicante y Valencia, tambi\u00e9n pueden producirse precipitaciones fuertes de hasta 40 l\/ m2 en una hora.<\/p>\n<p>Ma\u00f1ana, martes 29, los fen\u00f3menos tormentosos podr\u00edan registrarse tambi\u00e9n en las islas Baleares.<\/p>\n<p>Resulta dif\u00edcil el pron\u00f3stico de los fen\u00f3menos tormentosos, en especial en el litoral mediterr\u00e1neo, por lo que se aconseja mantenerse informado, en todo momento, de la posible evoluci\u00f3n de los cambios meteorol\u00f3gicos, as\u00ed como si se realizan actividades o se permanece al aire libre.<\/p>\n<p>Recomendaciones<\/p>\n<p>Ante lluvias intensas\u2028<br \/>\n\t-Si va conduciendo, disminuya la velocidad, extreme las precauciones y no se detenga en zonas donde pueda discurrir gran cantidad de agua.<br \/>\n\t-Si tiene que viajar, procure circular preferentemente por carreteras principales y autopistas.<br \/>\n\t-En caso de tormentas s\u00fabitas y lluvias intensas, se debe tener en cuenta el lugar donde se aparcan los veh\u00edculos. El  r\u00e1pido ascenso del nivel de las aguas puede da\u00f1ar los veh\u00edculos aparcados sobre zonas inundables y, adem\u00e1s, arrastrarlos, provocando da\u00f1os a bienes ajenos e incluso obstaculizar el flujo natural de la corriente.<\/p>\n<p>\t-Si comienza a llover de manera torrencial, piense que existe riesgo de inundaci\u00f3n. No atraviese con su veh\u00edculo ni a pie, los tramos inundados, porque desconoce lo que puede haber debajo del agua y localice los puntos m\u00e1s altos de la zona. No intente salvar su autom\u00f3vil en medio de una inundaci\u00f3n.<br \/>\n\t-Si se encuentra en el campo, hay que alejarse de los r\u00edos, torrentes y zonas bajas de laderas y colinas, evitando atravesar vados inundados. Igualmente debe dirigirse a los puntos m\u00e1s altos de la zona.<\/p>\n<p>\t\t\t\t\t\t\t\t\t\tAnte el riesgo de tormentas<\/p>\n<p>\t-El peligro de las tormentas para las personas se produce, fundamentalmente, en campo abierto. No obstante, en los n\u00facleos urbanos tambi\u00e9n hay peligro de ca\u00edda de rayos, por lo que es conveniente colocarse cerca de los edificios para protegerse. En las  viviendas se aconseja evitar las corrientes de aire. Si va conduciendo, un veh\u00edculo cerrado puede ser un buen refugio, en caso de rayos.<br \/>\n\t-Si la tormenta le sorprende en el campo, evite correr y permanecer en lugares elevados, como los altos de las colinas, crestas o divisorias. No se refugie bajo los \u00e1rboles y al\u00e9jese de alambradas y objetos met\u00e1licos.<\/p>\n<p>\t                                     Ante fuertes vientos<\/p>\n<p>\t-Conviene asegurar puertas, ventanas y todos aquellos objetos que puedan caer a la v\u00eda p\u00fablica y alejarse de cornisas, \u00e1rboles, muros o edificaciones en construcci\u00f3n o gr\u00faas que puedan desprenderse. Tambi\u00e9n conviene abstenerse de subir a los andamios sin las adecuadas medidas de protecci\u00f3n.<br \/>\n\t-Si va conduciendo, extreme las precauciones, especialmente en la salida de t\u00faneles, adelantamientos y cruce con veh\u00edculos pesados en carreteras de doble sentido. Preste atenci\u00f3n ante la posible presencia de obst\u00e1culos en la carretera.<\/p>\n<p>                                        Ante el riesgo de inundaciones<\/p>\n<p>\t-Mant\u00e9ngase permanentemente informado, a trav\u00e9s de la radio y de otros medios de comunicaci\u00f3n, de las predicciones meteorol\u00f3gicas y del estado de la situaci\u00f3n.<br \/>\n\t-No conduzca en \u00e1reas inundadas. Abandone el autom\u00f3vil y busque un terreno m\u00e1s alto cuando se vea rodeado por una corriente de agua.<br \/>\n\t-Procure circular, preferentemente, por carreteras principales y autopistas.<br \/>\n\t-Procure alejarse de v\u00edas y torrentes y no trate de atravesar a pie vados inundados o corrientes de agua.<br \/>\n\t-Si tiene que evacuar su domicilio, traslade los art\u00edculos esenciales a los pisos m\u00e1s altos, cierre la toma principal de electricidad y gas y siga las instrucciones de las autoridades.<\/p>\n","protected":false},"excerpt":{"rendered":"<div class=\"mh-excerpt\">La Direcci\u00f3n General de Protecci\u00f3n Civil y Emergencias del Ministerio del Interior, de acuerdo con las predicciones de la Agencia Estatal de Meteorolog\u00eda (AEMET), alerta por fuertes lluvias que pueden registrarse hoy en la provincia <a class=\"mh-excerpt-more\" href=\"https:\/\/www.tucomarca.com\/wordpress\/segunda\/proteccion-civil-y-emergencias-alerta-por-lluvias-fuertes-en-el-area-mediterranea\/\" title=\"Protecci\u00f3n Civil y Emergencias alerta por lluvias fuertes en el \u00e1rea mediterr\u00e1nea\">[+] <\/a><\/div>\n","protected":false},"author":2,"featured_media":0,"comment_status":"open","ping_status":"open","sticky":false,"template":"","format":"standard","meta":{"footnotes":""},"categories":[8,72,3],"tags":[2240,8897,786,3783,1443,1300],"class_list":{"0":"post-40207","1":"post","2":"type-post","3":"status-publish","4":"format-standard","6":"category-la-comarca","7":"category-sin-categorizar","8":"category-seccion","9":"tag-alerta","10":"tag-area-mediterranea","11":"tag-emergencias","12":"tag-lluvias","13":"tag-pedrisco","14":"tag-proteccion-civil"},"_links":{"self":[{"href":"https:\/\/www.tucomarca.com\/wordpress\/segunda\/wp-json\/wp\/v2\/posts\/40207","targetHints":{"allow":["GET"]}}],"collection":[{"href":"https:\/\/www.tucomarca.com\/wordpress\/segunda\/wp-json\/wp\/v2\/posts"}],"about":[{"href":"https:\/\/www.tucomarca.com\/wordpress\/segunda\/wp-json\/wp\/v2\/types\/post"}],"author":[{"embeddable":true,"href":"https:\/\/www.tucomarca.com\/wordpress\/segunda\/wp-json\/wp\/v2\/users\/2"}],"replies":[{"embeddable":true,"href":"https:\/\/www.tucomarca.com\/wordpress\/segunda\/wp-json\/wp\/v2\/comments?post=40207"}],"version-history":[{"count":0,"href":"https:\/\/www.tucomarca.com\/wordpress\/segunda\/wp-json\/wp\/v2\/posts\/40207\/revisions"}],"wp:attachment":[{"href":"https:\/\/www.tucomarca.com\/wordpress\/segunda\/wp-json\/wp\/v2\/media?parent=40207"}],"wp:term":[{"taxonomy":"category","embeddable":true,"href":"https:\/\/www.tucomarca.com\/wordpress\/segunda\/wp-json\/wp\/v2\/categories?post=40207"},{"taxonomy":"post_tag","embeddable":true,"href":"https:\/\/www.tucomarca.com\/wordpress\/segunda\/wp-json\/wp\/v2\/tags?post=40207"}],"curies":[{"name":"wp","href":"https:\/\/api.w.org\/{rel}","templated":true}]}}