{"id":40210,"date":"2015-09-29T15:20:17","date_gmt":"2015-09-29T12:20:17","guid":{"rendered":"http:\/\/www.tucomarca.com\/wordpress\/segunda\/?p=40210"},"modified":"2015-09-29T15:20:17","modified_gmt":"2015-09-29T12:20:17","slug":"el-patronato-de-turismo-promocionara-los-principales-atractivos-turisticos-de-riba-roja-de-turia","status":"publish","type":"post","link":"https:\/\/www.tucomarca.com\/wordpress\/segunda\/el-patronato-de-turismo-promocionara-los-principales-atractivos-turisticos-de-riba-roja-de-turia\/","title":{"rendered":"El Patronato de Turismo promocionar\u00e1 los principales atractivos tur\u00edsticos de Riba-roja de T\u00faria"},"content":{"rendered":"<p>La diputada de Turismo, Pilar Moncho, se ha reunido recientemente con el concejal de Turismo y Patrimonio de Riba-roja de T\u00faria, Jos\u00e9 \u00e1ngel Hern\u00e1ndez, quien le ha trasladado las necesidades de su municipio para impulsar el turismo.<\/p>\n<p>En la reuni\u00f3n se han tratado temas de inter\u00e9s para el municipio y el concejal de Turismo ha dado a conocer a la diputada los diversos proyectos tur\u00edsticos impulsados por el Ayuntamiento de Riba-roja de T\u00faria.<\/p>\n<p>\u201cNuestro municipio cuenta con un amplio cat\u00e1logo de recursos tur\u00edsticos como el parque natural, el parque fluvial, el casco antiguo, el yacimiento visigodo Pla de Nadal o la ruta ecuestre por el Turia que queremos potenciar\u201d ha destacado el concejal de Turismo.<\/p>\n<p>\u201cDesde el Ayuntamiento hemos solicitado tanto ayuda econ\u00f3mica como una colaboraci\u00f3n para aumentar la promoci\u00f3n y dar a conocer el Parque Natural del Turia\u201d, ha finalizado Hern\u00e1ndez.<\/p>\n<p>La diputada Moncho le ha trasladado a Hern\u00e1ndez su disposici\u00f3n para atender su petici\u00f3n y colaborar con Riba-roja de T\u00faria en el desarrollo del sector tur\u00edstico de la localidad.<\/p>\n","protected":false},"excerpt":{"rendered":"<div class=\"mh-excerpt\">La diputada de Turismo, Pilar Moncho, se ha reunido recientemente con el concejal de Turismo y Patrimonio de Riba-roja de T\u00faria, Jos\u00e9 \u00e1ngel Hern\u00e1ndez, quien le ha trasladado las necesidades de su municipio para impulsar <a class=\"mh-excerpt-more\" href=\"https:\/\/www.tucomarca.com\/wordpress\/segunda\/el-patronato-de-turismo-promocionara-los-principales-atractivos-turisticos-de-riba-roja-de-turia\/\" title=\"El Patronato de Turismo promocionar\u00e1 los principales atractivos tur\u00edsticos de Riba-roja de T\u00faria\">[+] <\/a><\/div>\n","protected":false},"author":2,"featured_media":0,"comment_status":"open","ping_status":"open","sticky":false,"template":"","format":"standard","meta":{"footnotes":""},"categories":[46,8,182,3],"tags":[7206,8898,8899,8900],"class_list":{"0":"post-40210","1":"post","2":"type-post","3":"status-publish","4":"format-standard","6":"category-camp-de-turia","7":"category-la-comarca","8":"category-riba-roja","9":"category-seccion","10":"tag-atractivos","11":"tag-patronato-turismo","12":"tag-promocionara","13":"tag-riba-roja-del-turia"},"_links":{"self":[{"href":"https:\/\/www.tucomarca.com\/wordpress\/segunda\/wp-json\/wp\/v2\/posts\/40210","targetHints":{"allow":["GET"]}}],"collection":[{"href":"https:\/\/www.tucomarca.com\/wordpress\/segunda\/wp-json\/wp\/v2\/posts"}],"about":[{"href":"https:\/\/www.tucomarca.com\/wordpress\/segunda\/wp-json\/wp\/v2\/types\/post"}],"author":[{"embeddable":true,"href":"https:\/\/www.tucomarca.com\/wordpress\/segunda\/wp-json\/wp\/v2\/users\/2"}],"replies":[{"embeddable":true,"href":"https:\/\/www.tucomarca.com\/wordpress\/segunda\/wp-json\/wp\/v2\/comments?post=40210"}],"version-history":[{"count":0,"href":"https:\/\/www.tucomarca.com\/wordpress\/segunda\/wp-json\/wp\/v2\/posts\/40210\/revisions"}],"wp:attachment":[{"href":"https:\/\/www.tucomarca.com\/wordpress\/segunda\/wp-json\/wp\/v2\/media?parent=40210"}],"wp:term":[{"taxonomy":"category","embeddable":true,"href":"https:\/\/www.tucomarca.com\/wordpress\/segunda\/wp-json\/wp\/v2\/categories?post=40210"},{"taxonomy":"post_tag","embeddable":true,"href":"https:\/\/www.tucomarca.com\/wordpress\/segunda\/wp-json\/wp\/v2\/tags?post=40210"}],"curies":[{"name":"wp","href":"https:\/\/api.w.org\/{rel}","templated":true}]}}