{"id":40212,"date":"2015-09-29T15:23:20","date_gmt":"2015-09-29T12:23:20","guid":{"rendered":"http:\/\/www.tucomarca.com\/wordpress\/segunda\/?p=40212"},"modified":"2015-09-29T15:23:20","modified_gmt":"2015-09-29T12:23:20","slug":"el-presidente-de-la-diputacion-se-cita-con-los-alcaldes-de-la-hoya-de-bunol-chiva-para-hacer-balance-del-plan-de-inversiones-sostenibles","status":"publish","type":"post","link":"https:\/\/www.tucomarca.com\/wordpress\/segunda\/el-presidente-de-la-diputacion-se-cita-con-los-alcaldes-de-la-hoya-de-bunol-chiva-para-hacer-balance-del-plan-de-inversiones-sostenibles\/","title":{"rendered":"El presidente de la Diputaci\u00f3n se cita con los alcaldes de la Hoya de Bu\u00f1ol-Chiva para hacer balance del Plan de Inversiones Sostenibles"},"content":{"rendered":"<p>El presidente de la nueva Diputaci\u00f3n de Valencia, Jorge Rodr\u00edguez, la vicepresidenta provincial, Maria Josep Amig\u00f3 y el diputado de Cooperaci\u00f3n, Emili Altur, celebran este mi\u00e9rcoles en Bu\u00f1ol la cuarta de las reuniones comarcales con alcaldes para conocer de primera mano las necesidades locales. A continuaci\u00f3n tendr\u00e1 lugar una rueda de prensa en la que se har\u00e1 balance del Plan de Inversiones Financieramente Sostenibles 2015.<\/p>\n<p>El encuentro con los alcaldes de la Hoya de Bu\u00f1ol-Chiva comenzar\u00e1 a partir de las 10 horas en la biblioteca municipal de Bu\u00f1ol, ubicada en el Mol\u00ed Gal\u00e1n. A continuaci\u00f3n, a las 11:30 horas, tendr\u00e1 lugar la rueda de prensa, en la sala Raga del mismo lugar.<\/p>\n","protected":false},"excerpt":{"rendered":"<div class=\"mh-excerpt\">El presidente de la nueva Diputaci\u00f3n de Valencia, Jorge Rodr\u00edguez, la vicepresidenta provincial, Maria Josep Amig\u00f3 y el diputado de Cooperaci\u00f3n, Emili Altur, celebran este mi\u00e9rcoles en Bu\u00f1ol la cuarta de las reuniones comarcales con <a class=\"mh-excerpt-more\" href=\"https:\/\/www.tucomarca.com\/wordpress\/segunda\/el-presidente-de-la-diputacion-se-cita-con-los-alcaldes-de-la-hoya-de-bunol-chiva-para-hacer-balance-del-plan-de-inversiones-sostenibles\/\" title=\"El presidente de la Diputaci\u00f3n se cita con los alcaldes de la Hoya de Bu\u00f1ol-Chiva para hacer balance del Plan de Inversiones Sostenibles\">[+] <\/a><\/div>\n","protected":false},"author":2,"featured_media":0,"comment_status":"open","ping_status":"open","sticky":false,"template":"","format":"standard","meta":{"footnotes":""},"categories":[4,3],"tags":[1093,204,529,8901,747,967],"class_list":{"0":"post-40212","1":"post","2":"type-post","3":"status-publish","4":"format-standard","6":"category-agenda","7":"category-seccion","8":"tag-alcaldes","9":"tag-diputacion","10":"tag-la-hoya-2","11":"tag-plan-de-inversiones-sostenibles","12":"tag-presidente","13":"tag-reunion"},"_links":{"self":[{"href":"https:\/\/www.tucomarca.com\/wordpress\/segunda\/wp-json\/wp\/v2\/posts\/40212","targetHints":{"allow":["GET"]}}],"collection":[{"href":"https:\/\/www.tucomarca.com\/wordpress\/segunda\/wp-json\/wp\/v2\/posts"}],"about":[{"href":"https:\/\/www.tucomarca.com\/wordpress\/segunda\/wp-json\/wp\/v2\/types\/post"}],"author":[{"embeddable":true,"href":"https:\/\/www.tucomarca.com\/wordpress\/segunda\/wp-json\/wp\/v2\/users\/2"}],"replies":[{"embeddable":true,"href":"https:\/\/www.tucomarca.com\/wordpress\/segunda\/wp-json\/wp\/v2\/comments?post=40212"}],"version-history":[{"count":0,"href":"https:\/\/www.tucomarca.com\/wordpress\/segunda\/wp-json\/wp\/v2\/posts\/40212\/revisions"}],"wp:attachment":[{"href":"https:\/\/www.tucomarca.com\/wordpress\/segunda\/wp-json\/wp\/v2\/media?parent=40212"}],"wp:term":[{"taxonomy":"category","embeddable":true,"href":"https:\/\/www.tucomarca.com\/wordpress\/segunda\/wp-json\/wp\/v2\/categories?post=40212"},{"taxonomy":"post_tag","embeddable":true,"href":"https:\/\/www.tucomarca.com\/wordpress\/segunda\/wp-json\/wp\/v2\/tags?post=40212"}],"curies":[{"name":"wp","href":"https:\/\/api.w.org\/{rel}","templated":true}]}}