{"id":40214,"date":"2015-09-29T15:28:07","date_gmt":"2015-09-29T12:28:07","guid":{"rendered":"http:\/\/www.tucomarca.com\/wordpress\/segunda\/?p=40214"},"modified":"2015-09-29T15:28:11","modified_gmt":"2015-09-29T12:28:11","slug":"las-brigadas-de-imelsa-acondicionan-el-entorno-de-masia-del-traver-en-riba-roja-de-turia","status":"publish","type":"post","link":"https:\/\/www.tucomarca.com\/wordpress\/segunda\/las-brigadas-de-imelsa-acondicionan-el-entorno-de-masia-del-traver-en-riba-roja-de-turia\/","title":{"rendered":"Las brigadas de Imelsa acondicionan el entorno de Mas\u00eda del Traver en Riba-roja de T\u00faria"},"content":{"rendered":"<p><a href=\"https:\/\/www.tucomarca.com\/wordpress\/segunda\/2015\/09\/las-brigadas-de-imelsa-acondicionan-el-entorno-de-masia-del-traver-en-riba-roja-de-turia\/dsc_1221-primero-esta\/\" rel=\"attachment wp-att-40215\"><img loading=\"lazy\" decoding=\"async\" src=\"https:\/\/www.tucomarca.com\/wordpress\/segunda\/wp-content\/uploads\/2015\/09\/DSC_1221-Primero-esta-300x200.jpg\" alt=\"\" title=\"DSC_1221 Primero esta\" width=\"300\" height=\"200\" class=\"alignleft size-medium wp-image-40215\" srcset=\"https:\/\/www.tucomarca.com\/wordpress\/segunda\/wp-content\/uploads\/2015\/09\/DSC_1221-Primero-esta-300x200.jpg 300w, https:\/\/www.tucomarca.com\/wordpress\/segunda\/wp-content\/uploads\/2015\/09\/DSC_1221-Primero-esta-1024x685.jpg 1024w, https:\/\/www.tucomarca.com\/wordpress\/segunda\/wp-content\/uploads\/2015\/09\/DSC_1221-Primero-esta.jpg 1701w\" sizes=\"auto, (max-width: 300px) 100vw, 300px\" \/><\/a>Las brigadas forestales de Imelsa, dentro de su Plan de Acondicionamiento de Cauces y Barrancos, se encuentran ya en el entorno de la urbanizaci\u00f3n Mas\u00eda del Traver, en Riba-roja de T\u00faria, para acondicionar ambos m\u00e1rgenes del r\u00edo Turia.<\/p>\n<p>El gerente de Imelsa, Josep Ramon Tiller, y la vicegerente Agustina Brines, han visitado la zona acompa\u00f1ados por el alcalde del municipio, Robert Raga.<\/p>\n<p>Casi 200.000 metros cuadrados de superficie<\/p>\n<p>La zona de actuaci\u00f3n de las brigadas forestales en Mas\u00eda del Traver abarca una extensi\u00f3n de 195.456 metros cuadrados e incluye el desbroce, poda y retirada de \u00e1rboles muertos, eliminaci\u00f3n del exceso de vegetaci\u00f3n oclusiva, la regularizaci\u00f3n sin excavaci\u00f3n de la rasante y cajeros en el cauce afectado y la retirada de residuos s\u00f3lidos.<\/p>\n<p>La intervenci\u00f3n de Imelsa se lleva a cabo en su mayor parte con una m\u00e1quina desbrozadora de gran potencia, manejada por radio control, que permite trabajar en zonas de dif\u00edcil acceso y optimiza el tiempo de trabajo.<\/p>\n<p>Asimismo, los trabajos mecanizados se complementan con la labor manual de los brigadistas, especialmente en las zonas donde hay especies que por su valor bot\u00e1nico, se dejan intactas en el lugar.<\/p>\n<p>Brigadas al servicio de los ayuntamientos<\/p>\n<p>Tiller ha incidido en que \u201cla raz\u00f3n de ser de Imelsa es estar junto a los ayuntamientos para apoyarles en aquellas acciones que no pueden ejecutar de manera aut\u00f3noma. En este sentido, las brigadas forestales suponen un gran potencial humano y t\u00e9cnico que est\u00e1 al servicio de los ayuntamientos valencianos\u201d.<\/p>\n<p>La vicegerente, Agustina Brines, ha destacado \u201cel enorme valor paisaj\u00edstico de la zona, que por sus propias caracter\u00edsticas necesita una labor de mantenimiento esencial para evitar situaciones de peligro, ya sea por incendios ya sea por avenidas de agua\u201d. Asimismo, Brines ha se\u00f1alado que \u201cpara asegurar la eficacia de este tipo de trabajos, es imprescindible la colaboraci\u00f3n interinstitucional con otras instituciones como la Confederaci\u00f3n Hidrogr\u00e1fica del J\u00facar, conselleria, Parque Natural y el propio ayuntamiento del municipio\u201d.<\/p>\n<p>Por su parte, el alcalde de Riba-roja del Turia, Robert Raga, tras \u201cagradecer a la nueva gerencia de Imelsa la celeridad con la que se ha gestionado nuestra petici\u00f3n para actuar en este paraje\u201d, ha se\u00f1alado que \u201cel r\u00edo Turia no s\u00f3lo es el aut\u00e9ntico coraz\u00f3n de nuestro pueblo, sino que recibe alrededor de 10.000 visitas cada fin de semana, puesto que hablamos de un parque fluvial situado a su vez en un parque natural\u201d.<\/p>\n","protected":false},"excerpt":{"rendered":"<div class=\"mh-excerpt\">Las brigadas forestales de Imelsa, dentro de su Plan de Acondicionamiento de Cauces y Barrancos, se encuentran ya en el entorno de la urbanizaci\u00f3n Mas\u00eda del Traver, en Riba-roja de T\u00faria, para acondicionar ambos m\u00e1rgenes <a class=\"mh-excerpt-more\" href=\"https:\/\/www.tucomarca.com\/wordpress\/segunda\/las-brigadas-de-imelsa-acondicionan-el-entorno-de-masia-del-traver-en-riba-roja-de-turia\/\" title=\"Las brigadas de Imelsa acondicionan el entorno de Mas\u00eda del Traver en Riba-roja de T\u00faria\">[+] <\/a><\/div>\n","protected":false},"author":2,"featured_media":40215,"comment_status":"open","ping_status":"open","sticky":false,"template":"","format":"standard","meta":{"footnotes":""},"categories":[46,8,117,182,3],"tags":[7549,204,8902,8900],"class_list":{"0":"post-40214","1":"post","2":"type-post","3":"status-publish","4":"format-standard","5":"has-post-thumbnail","7":"category-camp-de-turia","8":"category-la-comarca","9":"category-medio-ambiente-la-comarca","10":"category-riba-roja","11":"category-seccion","12":"tag-acondiciona","13":"tag-diputacion","14":"tag-masia-del-traver","15":"tag-riba-roja-del-turia"},"_links":{"self":[{"href":"https:\/\/www.tucomarca.com\/wordpress\/segunda\/wp-json\/wp\/v2\/posts\/40214","targetHints":{"allow":["GET"]}}],"collection":[{"href":"https:\/\/www.tucomarca.com\/wordpress\/segunda\/wp-json\/wp\/v2\/posts"}],"about":[{"href":"https:\/\/www.tucomarca.com\/wordpress\/segunda\/wp-json\/wp\/v2\/types\/post"}],"author":[{"embeddable":true,"href":"https:\/\/www.tucomarca.com\/wordpress\/segunda\/wp-json\/wp\/v2\/users\/2"}],"replies":[{"embeddable":true,"href":"https:\/\/www.tucomarca.com\/wordpress\/segunda\/wp-json\/wp\/v2\/comments?post=40214"}],"version-history":[{"count":0,"href":"https:\/\/www.tucomarca.com\/wordpress\/segunda\/wp-json\/wp\/v2\/posts\/40214\/revisions"}],"wp:featuredmedia":[{"embeddable":true,"href":"https:\/\/www.tucomarca.com\/wordpress\/segunda\/wp-json\/wp\/v2\/media\/40215"}],"wp:attachment":[{"href":"https:\/\/www.tucomarca.com\/wordpress\/segunda\/wp-json\/wp\/v2\/media?parent=40214"}],"wp:term":[{"taxonomy":"category","embeddable":true,"href":"https:\/\/www.tucomarca.com\/wordpress\/segunda\/wp-json\/wp\/v2\/categories?post=40214"},{"taxonomy":"post_tag","embeddable":true,"href":"https:\/\/www.tucomarca.com\/wordpress\/segunda\/wp-json\/wp\/v2\/tags?post=40214"}],"curies":[{"name":"wp","href":"https:\/\/api.w.org\/{rel}","templated":true}]}}