{"id":40222,"date":"2015-09-29T15:32:14","date_gmt":"2015-09-29T12:32:14","guid":{"rendered":"http:\/\/www.tucomarca.com\/wordpress\/segunda\/?p=40222"},"modified":"2015-09-29T15:32:14","modified_gmt":"2015-09-29T12:32:14","slug":"benifaio-da-a-conocer-la-programacion-para-celebrar-la-festividad-del-9-de-octubre","status":"publish","type":"post","link":"https:\/\/www.tucomarca.com\/wordpress\/segunda\/benifaio-da-a-conocer-la-programacion-para-celebrar-la-festividad-del-9-de-octubre\/","title":{"rendered":"Benifai\u00f3 da a conocer la programaci\u00f3n  para celebrar la festividad del 9 de octubre"},"content":{"rendered":"<p>El Ayuntamiento de Benifai\u00f3 ha dado ya a conocer la programaci\u00f3n para celebrar la festividad del 9 de octubre.<br \/>\nLos d\u00edas previos a la festividad los vecinos de Benifai\u00f3 podr\u00e1n ya participar en una amplia variedad de actos organizados desde la concejal\u00eda de cultura y fiestas. <\/p>\n<p>El jueves 8 de octubre la programaci\u00f3n cultura y juvenil tendr\u00e1 lugar a partir de las 16:30h en la Plaza Mayor con \u2018Juegos tradicionales y manualidades\u2019. A las 18:00h los m\u00e1s peque\u00f1os disfrutar\u00e1n adem\u00e1s con un Espect\u00e1culo Infantil de circo familiar. A las 21:00h la C\u00e1mara Agraria acoger\u00e1 en este  d\u00eda previo a la festividad un Concierto de la Sociedad Art\u00edstica Musical de Benifai\u00f3.<\/p>\n<p>El viernes festivo del 9 de octubre comenzar\u00e1 la programaci\u00f3n oficial a las 10:00 h con un desayuno popular en la Plaza Mayor a base de chocolate patrocinado por la empresa Roquette.<\/p>\n<p>Los actos institucionales tendr\u00e1n su inicio a las 11:15 h con el solemne acto de la \u201cBaix\u00e0 de la Reial Senyera\u201d desde el balc\u00f3n del ayuntamiento. Seguidamente tendr\u00e1 lugar el \u201cTe Deum\u201d en la iglesia parroquial y la procesi\u00f3n c\u00edvica presidida por la \u201cReial senyera\u201d y acompa\u00f1ada por la banda de la Sociedad Art\u00edstica Musical, el grupo \u201cBenifai\u00f3 en dansa\u201d y la Muixeranga \u201cEls negrets de l\u2019Alc\u00fadia\u201d.<br \/>\nDurante el transcurso de la procesi\u00f3n, la comitiva llevar\u00e1 a cabo una parada oficial en la intersecci\u00f3n de las calles Caballeros y la Cruz para llevar a cabo la ofrenda de una corona de laurel a la figura del rey Jaume I simbolizado en un pedestal donde recuerda el paso del monarca por el t\u00e9rmino de Benifai\u00f3 en su conquista hacia la capital del Turia. Tras la ofrenda los actos concluir\u00e1n con la \u201cPuj\u00e0 de la Reial Senyera\u201d en el balc\u00f3n del ayuntamiento.<br \/>\nEl mismo viernes por la tarde los m\u00e1s peque\u00f1os volver\u00e1n a ser los protagonistas de la programaci\u00f3n con la Fiesta del Drag\u00f3n a las 17:30h en la Plaza Mayor.<\/p>\n<p>El fin de semana 10 y 11 de octubre habr\u00e1 sesi\u00f3n doble de cine familiar, a las 17:00h con la una pel\u00edcula infantil proyectada en lengua valenciana. <\/p>\n","protected":false},"excerpt":{"rendered":"<div class=\"mh-excerpt\">El Ayuntamiento de Benifai\u00f3 ha dado ya a conocer la programaci\u00f3n para celebrar la festividad del 9 de octubre. Los d\u00edas previos a la festividad los vecinos de Benifai\u00f3 podr\u00e1n ya participar en una amplia <a class=\"mh-excerpt-more\" href=\"https:\/\/www.tucomarca.com\/wordpress\/segunda\/benifaio-da-a-conocer-la-programacion-para-celebrar-la-festividad-del-9-de-octubre\/\" title=\"Benifai\u00f3 da a conocer la programaci\u00f3n  para celebrar la festividad del 9 de octubre\">[+] <\/a><\/div>\n","protected":false},"author":2,"featured_media":0,"comment_status":"open","ping_status":"open","sticky":false,"template":"","format":"standard","meta":{"footnotes":""},"categories":[4,3],"tags":[451,798,10460,8904,4492],"class_list":{"0":"post-40222","1":"post","2":"type-post","3":"status-publish","4":"format-standard","6":"category-agenda","7":"category-seccion","8":"tag-9-de-octubre","9":"tag-actos","10":"tag-benifaio","11":"tag-celebrar","12":"tag-prepara"},"_links":{"self":[{"href":"https:\/\/www.tucomarca.com\/wordpress\/segunda\/wp-json\/wp\/v2\/posts\/40222","targetHints":{"allow":["GET"]}}],"collection":[{"href":"https:\/\/www.tucomarca.com\/wordpress\/segunda\/wp-json\/wp\/v2\/posts"}],"about":[{"href":"https:\/\/www.tucomarca.com\/wordpress\/segunda\/wp-json\/wp\/v2\/types\/post"}],"author":[{"embeddable":true,"href":"https:\/\/www.tucomarca.com\/wordpress\/segunda\/wp-json\/wp\/v2\/users\/2"}],"replies":[{"embeddable":true,"href":"https:\/\/www.tucomarca.com\/wordpress\/segunda\/wp-json\/wp\/v2\/comments?post=40222"}],"version-history":[{"count":0,"href":"https:\/\/www.tucomarca.com\/wordpress\/segunda\/wp-json\/wp\/v2\/posts\/40222\/revisions"}],"wp:attachment":[{"href":"https:\/\/www.tucomarca.com\/wordpress\/segunda\/wp-json\/wp\/v2\/media?parent=40222"}],"wp:term":[{"taxonomy":"category","embeddable":true,"href":"https:\/\/www.tucomarca.com\/wordpress\/segunda\/wp-json\/wp\/v2\/categories?post=40222"},{"taxonomy":"post_tag","embeddable":true,"href":"https:\/\/www.tucomarca.com\/wordpress\/segunda\/wp-json\/wp\/v2\/tags?post=40222"}],"curies":[{"name":"wp","href":"https:\/\/api.w.org\/{rel}","templated":true}]}}