{"id":40224,"date":"2015-09-29T15:34:41","date_gmt":"2015-09-29T12:34:41","guid":{"rendered":"http:\/\/www.tucomarca.com\/wordpress\/segunda\/?p=40224"},"modified":"2015-09-29T15:34:41","modified_gmt":"2015-09-29T12:34:41","slug":"requena-participa-valora-los-primeros-100-dias-de-gobierno","status":"publish","type":"post","link":"https:\/\/www.tucomarca.com\/wordpress\/segunda\/requena-participa-valora-los-primeros-100-dias-de-gobierno\/","title":{"rendered":"Requena Participa valora los primeros 100 d\u00edas de gobierno"},"content":{"rendered":"<p>Han pasado ya m\u00e1s de tres meses, desde que la voluntad popular nos otorg\u00f3 a trav\u00e9s de las urnas tres representantes en nuestro ayuntamiento. Desde el primer d\u00eda nos pusimos a trabajar, con un \u00fanico objetivo: hacer todo lo posible por mejorar la calidad de vida de todos los habitantes de Requena y sus pedan\u00edas. Recordando que ven\u00edamos del pueblo, y que deb\u00edamos poner ante todo a la gente y sus necesidades, no quisimos comprometernos con pactos que nos pudieran impedir decidir y llevar a cabo lo que pensamos que es prioritario. Siendo consecuentes con nuestros principios, recogidos en un c\u00f3digo \u00e9tico que firmamos los candidatos, y coherentes con lo que la gente nos hab\u00eda pedido que hici\u00e9ramos, reflejado en nuestro programa electoral, nos mantuvimos libres de compromisos con otras fuerzas pol\u00edticas para poder actuar con total libertad.<br \/>\nA continuaci\u00f3n ofrecemos un resumen de lo realizado durante este tiempo:<br \/>\n\t\u2022\t24 de junio. Limitaci\u00f3n de sueldos de alcalde y concejales. Este era uno de los puntos, dentro de la propuesta \u201c3b Transparencia\u201d de nuestro programa que, por cierto, conseguimos hacer realidad en el primer pleno de nuestro ayuntamiento. En nuestro programa propon\u00edamos: \u201cEl sueldo neto recibido por alcalde y concejales liberados ser\u00e1, como m\u00e1ximo, el correspondiente a tres veces el salario m\u00ednimo interprofesional (648,60 euros x 3 = 1.945 euros) en 14 pagas anuales\u201d. Y as\u00ed, tras comunicarle al futuro equipo de gobierno municipal que votar\u00edamos en contra de cualquier sueldo superior, se present\u00f3 y aprob\u00f3 en el pleno.<\/p>\n<p>\t\u2022\t24 de junio \/ 9 de julio. Revisi\u00f3n y limitaci\u00f3n de cobros de los concejales por asistencia a plenos y participaci\u00f3n en comisiones. Este punto segu\u00eda al anterior en nuestro programa, y as\u00ed lo cumplimos. Revisamos las cantidades propuestas y, teniendo en cuenta el tiempo y esfuerzo que hay que dedicar para el estudio de documentaci\u00f3n, debate en las comisiones y creaci\u00f3n de mociones, nos parecieron adecuadas y votamos a favor. Adem\u00e1s, sugerimos al equipo de gobierno que se limitaran las comisiones informativas que se pudieran cobrar, y as\u00ed lo hicieron en el siguiente pleno, presentando la propuesta de limitaci\u00f3n a un m\u00e1ximo de tres las comisiones que se pudieran cobrar en un mes, o sea 167,13 euros, que tambi\u00e9n apoyamos para su aprobaci\u00f3n.<\/p>\n<p>\t\u2022\t30 de junio \/ 9 de julio. Modificaci\u00f3n de las ayudas de comedor y transporte escolar. El 30 de junio presentamos por registro de entrada una propuesta para que el ayuntamiento instara, al nuevo gobierno de la Generalitat Valenciana, a derogar las normas que imped\u00edan que los alumnos residentes en las aldeas no pudieran beneficiarse de las subvenciones directas de comedor escolar. Adem\u00e1s solicit\u00e1bamos que se desarrollara una normativa sobre transporte escolar que garantizara la gratuidad de ese servicio, no s\u00f3lo a los estudiantes de ense\u00f1anzas obligatorias sino tambi\u00e9n de Bachillerato y Ciclos Formativos.<br \/>\nAl no convocarse la correspondiente comisi\u00f3n informativa, no se pudo dictaminar nuestra propuesta y, finalmente, durante el pleno del 9 de julio, el Grupo Socialista present\u00f3 por v\u00eda de urgencia una moci\u00f3n similar, reconociendo que exist\u00eda una anterior presentada por nosotros y que pod\u00edan convertirse ambas en una propuesta conjunta de todos los grupos municipales. A la propuesta del Grupo Socialista se a\u00f1adi\u00f3 un punto sugerido por nosotros, solicitando \u201cModificar los criterios para determinar la capacidad de los autobuses computando adem\u00e1s de los alumnos de ense\u00f1anza obligatoria, los alumnos de bachillerato, ciclos formativos y fp b\u00e1sica para determinar la capacidad del transporte\u201d. Esta propuesta de modificaci\u00f3n de ayudas de comedor y transporte estaba reflejada en el punto 40a de nuestro programa electoral.<br \/>\n\t\u2022\t3\/13 de agosto. Modificaci\u00f3n de una propuesta de EUPV sobre la municipalizaci\u00f3n del servicio de agua potable. En la comisi\u00f3n informativa del 3 de agosto, EUPV present\u00f3 una moci\u00f3n sobre la municipalizaci\u00f3n del servicio de agua potable. Al parecernos que el estudio de la posible municipalizaci\u00f3n no deb\u00eda limitarse a ese servicio, sino estudiar la posibilidad de recuperar la gesti\u00f3n municipal de todos los servicios p\u00fablicos privatizados, buscando un ahorro para las arcas municipales, sugerimos que se modificara la propuesta original para estudiar la viabilidad de recuperar la gesti\u00f3n de todos esos servicios, y no solamente del agua. Se acept\u00f3 nuestra modificaci\u00f3n y se aprob\u00f3 la creaci\u00f3n de esa comisi\u00f3n m\u00e1s amplia en el pleno del 13 de agosto. Esta propuesta de desprivatizaci\u00f3n estaba en el punto 8 de nuestro programa.<\/p>\n<p>\t\u2022\t13 de agosto. Declaraci\u00f3n de municipio opuesto al TTIP. El Tratado Transatl\u00e1ntico de Comercio e Inversi\u00f3n (TTIP en ingl\u00e9s) se est\u00e1 negociando por la Uni\u00f3n Europea y los Estados Unidos de Am\u00e9rica de espaldas a la ciudadan\u00eda y a sus representantes pol\u00edticos (parlamentos nacionales y europeo). Es un amplio acuerdo de liberalizaci\u00f3n de comercio e inversiones, que representa un serio peligro para la democracia y la debida protecci\u00f3n de los derechos laborales, medioambientales y de salud, anteponiendo el inter\u00e9s comercial de los inversores y empresas transnacionales al inter\u00e9s general. Por el grave peligro para la econom\u00eda local y para los derechos de nuestros vecinos y vecinas, decidimos presentar esta declaraci\u00f3n en el pleno, que result\u00f3 aprobada por mayor\u00eda. Esta propuesta estaba en el punto 11g de nuestro programa.<\/p>\n<p>\t\u2022\t13 de agosto. Adaptaci\u00f3n de parques infantiles para uso y disfrute de ni\u00f1os con discapacidad. A pesar de la reciente renovaci\u00f3n de los parques infantiles de nuestra localidad, no disponemos de ning\u00fan parque adaptado para que puedan usarlo y disfrutarlo los ni\u00f1os y ni\u00f1as con discapacidad, un colectivo que parece no haberse tenido en cuenta en el momento de renovar estas instalaciones. Por ello solicitamos adaptar los parques infantiles de Requena y sus pedan\u00edas con elementos accesibles de juego (columpios, etc.) para el disfrute de ni\u00f1as y ni\u00f1os discapacitados, y que se tuviera en cuenta, en las futuras actuaciones municipales de infraestructuras y organizaci\u00f3n de actividades, al colectivo infantil discapacitado. Nuestra propuesta se aprob\u00f3 por unanimidad en el pleno. Era nuestra propuesta 29g del programa.<\/p>\n<p>\t\u2022\t2 de septiembre\/8 de octubre. Defensor del Ciudadano. Proponemos la creaci\u00f3n de la figura del \u201cDefensor del Ciudadano\u201d, como cauce de intermediaci\u00f3n entre el poder municipal y la voz del pueblo (de la pluralidad de los vecinos y vecinas), creando as\u00ed un \u00f3rgano capaz de proteger los derechos de los ciudadanos y canalizar sus quejas hacia la administraci\u00f3n local, sirviendo de esta manera para profundizar en la pol\u00edtica municipal de participaci\u00f3n ciudadana y desarrollando un gobierno de proximidad, m\u00e1s cercano al ciudadano y a sus intereses y preocupaciones. Esta propuesta fue presentada en registro de entrada el 2 de septiembre y se votar\u00e1 en el pr\u00f3ximo pleno del 8 de octubre. Aparece en el punto 3a del programa.<\/p>\n<p>\t\u2022\t10 de septiembre. Modificaci\u00f3n de horarios de la biblioteca municipal. Dadas las numerosas quejas que nos hab\u00edan llegado, sobre todo de j\u00f3venes, de que los horarios actuales de la Biblioteca Municipal no ten\u00edan en cuenta las necesidades reales de uso, especialmente del colectivo estudiantil, propusimos estudiar la forma de optimizar y adaptar el horario de la Biblioteca Municipal a las necesidades de los usuarios. Finalmente se present\u00f3 la propuesta de habilitar un espacio adicional y separado de la Biblioteca Municipal como sala de estudio para el colectivo estudiantil, con el horario m\u00e1s amplio posible y como m\u00ednimo en periodos de ex\u00e1menes. Se aprob\u00f3 en el pleno del 10 de septiembre. Esta propuesta se corresponde con los puntos 49 y 76b de nuestro programa.<\/p>\n<p>\t\u2022\t10 de septiembre. Enmienda a la moci\u00f3n de EUPV sobre municipio contrario al maltrato animal. Tras el dictamen desfavorable en la comisi\u00f3n informativa de la moci\u00f3n presentada por EUPV, por estar redactada en t\u00e9rminos que no permitir\u00edan de ninguna manera la realizaci\u00f3n de espect\u00e1culos taurinos en Requena, propusimos una enmienda intentando encontrar un consenso de las diferentes fuerzas pol\u00edticas con representaci\u00f3n municipal. Para ello propon\u00edamos que: \u201cNo se realizar\u00e1n con dinero p\u00fablico espect\u00e1culos o actividades en las que sean utilizados animales sobre los que se produce vejaci\u00f3n, sufrimiento o muerte.\u201d La votaci\u00f3n de nuestra enmienda hubiera quedado en empate, a dirimir por el voto de calidad del alcalde, si no hubiera sido por el sorprendente voto en contra del representante de EUPV, que hab\u00eda manifestado en la comisi\u00f3n informativa que aceptar\u00eda esa modificaci\u00f3n, por lo que no sali\u00f3 adelante. Esta propuesta est\u00e1 plasmada en el punto 64 del programa.<br \/>\nAl repasar la actividad de estos primeros tres meses, nos damos cuenta que ya hemos hecho realidad alrededor de un 10% del programa electoral que presentamos en las elecciones municipales. Parece que llevamos buen ritmo para conseguir cumplir la mayor parte de nuestras propuestas.<br \/>\nNos critican desde los extremos, tanto de la derecha como de la izquierda, \u00bfser\u00e1 porque nos dedicamos a buscar y proponer lo mejor para todos los ciudadanos? \u00bfser\u00e1 porque no enarbolamos banderas declarando a los cuatro vientos que somos los salvadores de la libertad? \u00bfo tal vez sea porque no quisimos atarnos con pactos que nos quitaran la libertad de decidir en cada momento buscando el beneficio de Requena y sus habitantes?<br \/>\nDesde el principio hemos mantenido una actitud dialogante con el resto de partidos pol\u00edticos, y as\u00ed lo hemos demostrado en diferentes reuniones, intentando buscar un consenso, o al menos un entendimiento entre las diferentes posturas, sin aferrarnos \u00fanicamente a nuestros planteamientos. Aunque seguro que vamos a tener nuestras diferencias de opini\u00f3n, tambi\u00e9n confiamos que, si hay verdadera voluntad de entendimiento, conseguiremos encontrar puntos en com\u00fan buscando lo mejor para Requena y sus habitantes. Esa sigue siendo nuestra actitud, proponer y aportar para mejorar la vida de las personas. No queremos ser \u201coposici\u00f3n\u201d, descalificando y entorpeciendo la labor del gobierno municipal simplemente para hacer ruido o destacar entre el resto, sino aportar alternativas y hacer ver que las cosas se pueden de otra manera, poniendo en primer lugar a las personas. Queremos ser compa\u00f1eros de un equipo formado por 21 personas, que tienen la gran responsabilidad de velar por el buen funcionamiento de nuestro municipio y el bienestar de sus vecinos y vecinas, trabajando para proponer ideas que sean de beneficio para todos, y haciendo lo posible para encontrar el entendimiento necesario para llevarlas a cabo.<br \/>\nREQUENA PARTICIPA\u2026 \u00bfY T\u00da?<\/p>\n","protected":false},"excerpt":{"rendered":"<div class=\"mh-excerpt\">Han pasado ya m\u00e1s de tres meses, desde que la voluntad popular nos otorg\u00f3 a trav\u00e9s de las urnas tres representantes en nuestro ayuntamiento. Desde el primer d\u00eda nos pusimos a trabajar, con un \u00fanico <a class=\"mh-excerpt-more\" href=\"https:\/\/www.tucomarca.com\/wordpress\/segunda\/requena-participa-valora-los-primeros-100-dias-de-gobierno\/\" title=\"Requena Participa valora los primeros 100 d\u00edas de gobierno\">[+] <\/a><\/div>\n","protected":false},"author":2,"featured_media":0,"comment_status":"open","ping_status":"open","sticky":false,"template":"","format":"standard","meta":{"footnotes":""},"categories":[8,142,28,27,3],"tags":[8905,5044,7506,861],"class_list":{"0":"post-40224","1":"post","2":"type-post","3":"status-publish","4":"format-standard","6":"category-la-comarca","7":"category-politica-la-comarca","8":"category-requena","9":"category-requena-utiel","10":"category-seccion","11":"tag-100-primeros-dias","12":"tag-gobierno-local","13":"tag-requena-participa","14":"tag-valoracion"},"_links":{"self":[{"href":"https:\/\/www.tucomarca.com\/wordpress\/segunda\/wp-json\/wp\/v2\/posts\/40224","targetHints":{"allow":["GET"]}}],"collection":[{"href":"https:\/\/www.tucomarca.com\/wordpress\/segunda\/wp-json\/wp\/v2\/posts"}],"about":[{"href":"https:\/\/www.tucomarca.com\/wordpress\/segunda\/wp-json\/wp\/v2\/types\/post"}],"author":[{"embeddable":true,"href":"https:\/\/www.tucomarca.com\/wordpress\/segunda\/wp-json\/wp\/v2\/users\/2"}],"replies":[{"embeddable":true,"href":"https:\/\/www.tucomarca.com\/wordpress\/segunda\/wp-json\/wp\/v2\/comments?post=40224"}],"version-history":[{"count":0,"href":"https:\/\/www.tucomarca.com\/wordpress\/segunda\/wp-json\/wp\/v2\/posts\/40224\/revisions"}],"wp:attachment":[{"href":"https:\/\/www.tucomarca.com\/wordpress\/segunda\/wp-json\/wp\/v2\/media?parent=40224"}],"wp:term":[{"taxonomy":"category","embeddable":true,"href":"https:\/\/www.tucomarca.com\/wordpress\/segunda\/wp-json\/wp\/v2\/categories?post=40224"},{"taxonomy":"post_tag","embeddable":true,"href":"https:\/\/www.tucomarca.com\/wordpress\/segunda\/wp-json\/wp\/v2\/tags?post=40224"}],"curies":[{"name":"wp","href":"https:\/\/api.w.org\/{rel}","templated":true}]}}