{"id":40226,"date":"2015-09-29T15:36:48","date_gmt":"2015-09-29T12:36:48","guid":{"rendered":"http:\/\/www.tucomarca.com\/wordpress\/segunda\/?p=40226"},"modified":"2015-09-29T15:36:48","modified_gmt":"2015-09-29T12:36:48","slug":"benifaio-dedica-el-mes-de-octubre-a-la-lucha-contra-el-cancer","status":"publish","type":"post","link":"https:\/\/www.tucomarca.com\/wordpress\/segunda\/benifaio-dedica-el-mes-de-octubre-a-la-lucha-contra-el-cancer\/","title":{"rendered":"Benifai\u00f3 dedica el mes de octubre a la lucha contra el c\u00e1ncer"},"content":{"rendered":"<p>Benifai\u00f3 se solidariza contra el C\u00e1ncer, y lo har\u00e1 de nuevo con diversas actividades durante el mes de octubre<\/p>\n<p>El Ayuntamiento y la Junta local contra el c\u00e1ncer, como organizadores, ya han iniciado la campa\u00f1a de promoci\u00f3n convocando a los vecinos a asistir y participar.<br \/>\nEl Centro Cultural acoger\u00e1 del 30 de septiembre al 15 de octubre la venta de tiquets para participar en los dos actos convocados, la Marcha Solidaria y la Cena solidaria contra el c\u00e1ncer. <\/p>\n<p>La Marcha tendr\u00e1 lugar el s\u00e1bado 17 de octubre. Una cita ya marcada en el calendario como tradicional y d\u00f3nde centenares de vecinos se unen para ofrecer una marea rosa en la lucha contra esta enfermedad. La salida tendr\u00e1 lugar a las 10:00h desde la Plaza Mayor. El recorrido total ser\u00e1 de 3 km. por suelo urbano. En la marcha colaboran la empresa Chov\u00ed, Cohoca Benifai\u00f3 y Cristina Estudio Pilates<br \/>\nAdem\u00e1s, el jueves d\u00eda 15 se instalaran dos mesas petitorias en la Plaza Mayor y Mercado Municipal para recaudar fondos.<\/p>\n<p>El Hospital de La Ribera tambi\u00e9n colabora este a\u00f1o en Benifai\u00f3 en la programaci\u00f3n. As\u00ed el martes d\u00eda 13 de octubre a las 18:30h en la C\u00e1mara Agraria tendr\u00e1 lugar la charla \u201cC\u00f3mo afrontar desde un punto de vista psicol\u00f3gico y emocional el diagn\u00f3stico c\u00e1ncer\u201d a cargo de la psic\u00f3loga del Hospital Mar\u00eda Luisa Vidal S\u00e1nchez<\/p>\n<p>Cena contra el c\u00e1ncer el 16 de octubre<br \/>\nOtra de las iniciativas organizadas para recaudar fondos contra esta enfermedad ser\u00e1 la cena solidaria. A un precio de 10 euros los vecinos podr\u00e1n participar en un acto gastron\u00f3mico donde adem\u00e1s de cenar y colaborar en la recaudaci\u00f3n de fondos contra el c\u00e1ncer podr\u00e1n participar en el I Concurso de Dulces contra el C\u00e1ncer<br \/>\nLa cena tendr\u00e1 lugar en el sal\u00f3n de actos del Hogar de Jubilados el viernes 16 de octubre a las 21:00h. <\/p>\n","protected":false},"excerpt":{"rendered":"<div class=\"mh-excerpt\">Benifai\u00f3 se solidariza contra el C\u00e1ncer, y lo har\u00e1 de nuevo con diversas actividades durante el mes de octubre El Ayuntamiento y la Junta local contra el c\u00e1ncer, como organizadores, ya han iniciado la campa\u00f1a <a class=\"mh-excerpt-more\" href=\"https:\/\/www.tucomarca.com\/wordpress\/segunda\/benifaio-dedica-el-mes-de-octubre-a-la-lucha-contra-el-cancer\/\" title=\"Benifai\u00f3 dedica el mes de octubre a la lucha contra el c\u00e1ncer\">[+] <\/a><\/div>\n","protected":false},"author":2,"featured_media":0,"comment_status":"open","ping_status":"open","sticky":false,"template":"","format":"standard","meta":{"footnotes":""},"categories":[4,3],"tags":[10460,8906,431,8907],"class_list":{"0":"post-40226","1":"post","2":"type-post","3":"status-publish","4":"format-standard","6":"category-agenda","7":"category-seccion","8":"tag-benifaio","9":"tag-dedica","10":"tag-lucha-contra-el-cancer","11":"tag-mes-de-octubre"},"_links":{"self":[{"href":"https:\/\/www.tucomarca.com\/wordpress\/segunda\/wp-json\/wp\/v2\/posts\/40226","targetHints":{"allow":["GET"]}}],"collection":[{"href":"https:\/\/www.tucomarca.com\/wordpress\/segunda\/wp-json\/wp\/v2\/posts"}],"about":[{"href":"https:\/\/www.tucomarca.com\/wordpress\/segunda\/wp-json\/wp\/v2\/types\/post"}],"author":[{"embeddable":true,"href":"https:\/\/www.tucomarca.com\/wordpress\/segunda\/wp-json\/wp\/v2\/users\/2"}],"replies":[{"embeddable":true,"href":"https:\/\/www.tucomarca.com\/wordpress\/segunda\/wp-json\/wp\/v2\/comments?post=40226"}],"version-history":[{"count":0,"href":"https:\/\/www.tucomarca.com\/wordpress\/segunda\/wp-json\/wp\/v2\/posts\/40226\/revisions"}],"wp:attachment":[{"href":"https:\/\/www.tucomarca.com\/wordpress\/segunda\/wp-json\/wp\/v2\/media?parent=40226"}],"wp:term":[{"taxonomy":"category","embeddable":true,"href":"https:\/\/www.tucomarca.com\/wordpress\/segunda\/wp-json\/wp\/v2\/categories?post=40226"},{"taxonomy":"post_tag","embeddable":true,"href":"https:\/\/www.tucomarca.com\/wordpress\/segunda\/wp-json\/wp\/v2\/tags?post=40226"}],"curies":[{"name":"wp","href":"https:\/\/api.w.org\/{rel}","templated":true}]}}