{"id":40228,"date":"2015-09-29T15:39:20","date_gmt":"2015-09-29T12:39:20","guid":{"rendered":"http:\/\/www.tucomarca.com\/wordpress\/segunda\/?p=40228"},"modified":"2015-09-29T15:39:20","modified_gmt":"2015-09-29T12:39:20","slug":"lliria-se-interesa-por-el-carril-bici-en-la-cv-339","status":"publish","type":"post","link":"https:\/\/www.tucomarca.com\/wordpress\/segunda\/lliria-se-interesa-por-el-carril-bici-en-la-cv-339\/","title":{"rendered":"Ll\u00edria se interesa por el carril bici en la CV-339"},"content":{"rendered":"<p>El diputado de Carreteras, Pablo Segu\u00ed, se ha reunido con el alcalde de Ll\u00edria, Manolo Civera, quien le ha trasladado las necesidades de su municipio en materia de infraestructuras y carreteras.<\/p>\n<p> Civera, que ha acudido a la reuni\u00f3n acompa\u00f1ado por el concejal de Obras, Francesc Fombuena, y el edil de Comunicaci\u00f3n y Modernizaci\u00f3n, Ferran Pina, ha mencionado el carril bici en la CV-339, en el tramo perteneciente a la red de Carreteras de la Diputaci\u00f3n, que enlaza desde la CV-35 hasta las instalaciones de la cooperativa.<\/p>\n<p>El primer edil explica que el municipio pretende, \u201cen un tramo de un kil\u00f3metro, adecuar esta v\u00eda al tr\u00e1fico ciclista\u201d.<\/p>\n<p>Por otro lado, el primer edil se ha interesado por el proyecto realizado por la Diputaci\u00f3n de la rotonda que enlaza Benisan\u00f3 y Ll\u00edria en la CV-3691.<\/p>\n<p>\u201cSe trata de la entrada este al municipio y est\u00e1 pendiente de que se finalice la urbanizaci\u00f3n de ese pol\u00edgono\u201d, ha informado el primer edil, al tiempo que ha asegurado que \u201ces una zona de servicios, por lo que se prev\u00e9 un tr\u00e1nsito considerable\u201d.<\/p>\n<p> El diputado Pablo Segu\u00ed le ha manifestado a Civera su disposici\u00f3n a atender todos los puntos tratados en esta sesi\u00f3n para atender las necesidades de los vecinos de Ll\u00edria.<\/p>\n<p> Respecto a la actuaci\u00f3n en la CV-339, se est\u00e1 realizando el pliego para sacar a licitaci\u00f3n el proyecto, que recoger\u00e1 la petici\u00f3n de Ll\u00edria.<\/p>\n<p>Por otro lado, se han abordado actuaciones del \u00e1rea de Carreteras de la Diputaci\u00f3n, como el vial de Pedralba, en el cual se pretende mejorar la intersecci\u00f3n entre la urbanizaci\u00f3n Les Mallaes y la carretera de Benaguasil.<\/p>\n","protected":false},"excerpt":{"rendered":"<div class=\"mh-excerpt\">El diputado de Carreteras, Pablo Segu\u00ed, se ha reunido con el alcalde de Ll\u00edria, Manolo Civera, quien le ha trasladado las necesidades de su municipio en materia de infraestructuras y carreteras. Civera, que ha acudido <a class=\"mh-excerpt-more\" href=\"https:\/\/www.tucomarca.com\/wordpress\/segunda\/lliria-se-interesa-por-el-carril-bici-en-la-cv-339\/\" title=\"Ll\u00edria se interesa por el carril bici en la CV-339\">[+] <\/a><\/div>\n","protected":false},"author":2,"featured_media":0,"comment_status":"open","ping_status":"open","sticky":false,"template":"","format":"standard","meta":{"footnotes":""},"categories":[46,128,8,47,3],"tags":[6894,10396,8908],"class_list":{"0":"post-40228","1":"post","2":"type-post","3":"status-publish","4":"format-standard","6":"category-camp-de-turia","7":"category-infraestructuras","8":"category-la-comarca","9":"category-lliria","10":"category-seccion","11":"tag-carril-bici","12":"tag-lliria","13":"tag-se-interesa"},"_links":{"self":[{"href":"https:\/\/www.tucomarca.com\/wordpress\/segunda\/wp-json\/wp\/v2\/posts\/40228","targetHints":{"allow":["GET"]}}],"collection":[{"href":"https:\/\/www.tucomarca.com\/wordpress\/segunda\/wp-json\/wp\/v2\/posts"}],"about":[{"href":"https:\/\/www.tucomarca.com\/wordpress\/segunda\/wp-json\/wp\/v2\/types\/post"}],"author":[{"embeddable":true,"href":"https:\/\/www.tucomarca.com\/wordpress\/segunda\/wp-json\/wp\/v2\/users\/2"}],"replies":[{"embeddable":true,"href":"https:\/\/www.tucomarca.com\/wordpress\/segunda\/wp-json\/wp\/v2\/comments?post=40228"}],"version-history":[{"count":0,"href":"https:\/\/www.tucomarca.com\/wordpress\/segunda\/wp-json\/wp\/v2\/posts\/40228\/revisions"}],"wp:attachment":[{"href":"https:\/\/www.tucomarca.com\/wordpress\/segunda\/wp-json\/wp\/v2\/media?parent=40228"}],"wp:term":[{"taxonomy":"category","embeddable":true,"href":"https:\/\/www.tucomarca.com\/wordpress\/segunda\/wp-json\/wp\/v2\/categories?post=40228"},{"taxonomy":"post_tag","embeddable":true,"href":"https:\/\/www.tucomarca.com\/wordpress\/segunda\/wp-json\/wp\/v2\/tags?post=40228"}],"curies":[{"name":"wp","href":"https:\/\/api.w.org\/{rel}","templated":true}]}}