{"id":40230,"date":"2015-09-29T15:43:05","date_gmt":"2015-09-29T12:43:05","guid":{"rendered":"http:\/\/www.tucomarca.com\/wordpress\/segunda\/?p=40230"},"modified":"2015-09-29T15:43:26","modified_gmt":"2015-09-29T12:43:26","slug":"la-concejalia-de-igualdad-ha-comenzado-a-trabajar-con-las-asociaciones-de-mujeres-del-municipio","status":"publish","type":"post","link":"https:\/\/www.tucomarca.com\/wordpress\/segunda\/la-concejalia-de-igualdad-ha-comenzado-a-trabajar-con-las-asociaciones-de-mujeres-del-municipio\/","title":{"rendered":"La Concejal\u00eda de Igualdad de Requena ha comenzado a trabajar con las asociaciones de mujeres del municipio"},"content":{"rendered":"<p>La semana pasada se present\u00f3 ante las asociaciones de mujeres del munipio la nueva Concejal\u00eda de Igualdad del Ayuntamiento de Requena.<\/p>\n<p>Isabel Garc\u00eda, concejala de igualdad, mantuvo un ecuentro con representantes de hasta 10 entidades diferentes. 22 mujeres en total junto a la t\u00e9cnico de INFODONA Elisa Herrero.<\/p>\n<p>La reuni\u00f3n sirvi\u00f3 para ir conformando las l\u00edneas de actuaci\u00f3n de la nueva concejal\u00eda; comunicar experiencias, pr\u00f3ximas actividades&#8230; as\u00ed como inquietudes y nuevas propuestas.<\/p>\n<p>Participaron representantes de las asociaciones Amacma, Afire, FAPA comarcal, Tyrius Requena, Mujeres por Derecho, Tyrius Campo Arc\u00eds, Tyrius San Juan, Tyrius San Antonio, Tyrius Los Isidros y Aitana Los Isidros.<\/p>\n<p>Isabel Garc\u00eda expuso las l\u00edneas b\u00e1sicas de actuaci\u00f3n de la concejal\u00eda, as\u00ed como la intenci\u00f3n de crear un Consejo Local de Igualdad del que todas formar\u00edan parte.<\/p>\n<p>Tambi\u00e9n present\u00f3 una serie de actividades preparadas para el 25 de noviembre y se invit\u00f3 a las asociaciones a exponer las actuaciones previstas para ese d\u00eda y as\u00ed poder  confeccionar un programa conjunto.<\/p>\n<p>En esta primera toma de contacto las asociaciones puedieron presentar tambi\u00e9n las acciones que desarrollaban durante el a\u00f1o y sus  inquietudes y propuestas para el nuevo ejercicio.<\/p>\n<p>As\u00ed, AMACMA coment\u00f3 los actos que ya tienen preparados para la semana del 19 al 25 de octubre. Destacaron la carrera solidaria el domingo 25 de octubre que saldr\u00e1 de la avenida y tendr\u00e1 un recorrido de algo m\u00e1s de cuatro kil\u00f3metros.<\/p>\n","protected":false},"excerpt":{"rendered":"<div class=\"mh-excerpt\">La semana pasada se present\u00f3 ante las asociaciones de mujeres del munipio la nueva Concejal\u00eda de Igualdad del Ayuntamiento de Requena. Isabel Garc\u00eda, concejala de igualdad, mantuvo un ecuentro con representantes de hasta 10 entidades <a class=\"mh-excerpt-more\" href=\"https:\/\/www.tucomarca.com\/wordpress\/segunda\/la-concejalia-de-igualdad-ha-comenzado-a-trabajar-con-las-asociaciones-de-mujeres-del-municipio\/\" title=\"La Concejal\u00eda de Igualdad de Requena ha comenzado a trabajar con las asociaciones de mujeres del municipio\">[+] <\/a><\/div>\n","protected":false},"author":2,"featured_media":0,"comment_status":"open","ping_status":"open","sticky":false,"template":"","format":"standard","meta":{"footnotes":""},"categories":[8,28,27,3],"tags":[1115,8909,2228,848,10388],"class_list":{"0":"post-40230","1":"post","2":"type-post","3":"status-publish","4":"format-standard","6":"category-la-comarca","7":"category-requena","8":"category-requena-utiel","9":"category-seccion","10":"tag-ayuntamiento","11":"tag-comienza-atrabajar","12":"tag-igualdad","13":"tag-mujeres","14":"tag-requena"},"_links":{"self":[{"href":"https:\/\/www.tucomarca.com\/wordpress\/segunda\/wp-json\/wp\/v2\/posts\/40230","targetHints":{"allow":["GET"]}}],"collection":[{"href":"https:\/\/www.tucomarca.com\/wordpress\/segunda\/wp-json\/wp\/v2\/posts"}],"about":[{"href":"https:\/\/www.tucomarca.com\/wordpress\/segunda\/wp-json\/wp\/v2\/types\/post"}],"author":[{"embeddable":true,"href":"https:\/\/www.tucomarca.com\/wordpress\/segunda\/wp-json\/wp\/v2\/users\/2"}],"replies":[{"embeddable":true,"href":"https:\/\/www.tucomarca.com\/wordpress\/segunda\/wp-json\/wp\/v2\/comments?post=40230"}],"version-history":[{"count":0,"href":"https:\/\/www.tucomarca.com\/wordpress\/segunda\/wp-json\/wp\/v2\/posts\/40230\/revisions"}],"wp:attachment":[{"href":"https:\/\/www.tucomarca.com\/wordpress\/segunda\/wp-json\/wp\/v2\/media?parent=40230"}],"wp:term":[{"taxonomy":"category","embeddable":true,"href":"https:\/\/www.tucomarca.com\/wordpress\/segunda\/wp-json\/wp\/v2\/categories?post=40230"},{"taxonomy":"post_tag","embeddable":true,"href":"https:\/\/www.tucomarca.com\/wordpress\/segunda\/wp-json\/wp\/v2\/tags?post=40230"}],"curies":[{"name":"wp","href":"https:\/\/api.w.org\/{rel}","templated":true}]}}