{"id":40233,"date":"2015-09-29T15:45:27","date_gmt":"2015-09-29T12:45:27","guid":{"rendered":"http:\/\/www.tucomarca.com\/wordpress\/segunda\/?p=40233"},"modified":"2015-09-29T15:45:27","modified_gmt":"2015-09-29T12:45:27","slug":"san-antonio-de-benageber-se-convierte-en-municipio-de-acogida","status":"publish","type":"post","link":"https:\/\/www.tucomarca.com\/wordpress\/segunda\/san-antonio-de-benageber-se-convierte-en-municipio-de-acogida\/","title":{"rendered":"San Antonio de Benag\u00e9ber se convierte en Municipio de Acogida"},"content":{"rendered":"<p>Los portavoces de ambas formaciones, Marta Retamosa (Pspv-Psoe) y Ram\u00f3n Orozco (Plataforma-GuanyemSAB-Comprom\u00eds) han recogido la inquietud de la ciudadan\u00eda de San Antonio de Benag\u00e9ber que ha mostrado, desde siempre, y por distintas v\u00edas, su solidaridad y deseo de colaboraci\u00f3n activa para el drama de los refugiados. Ahora el que se est\u00e1 viviendo en Europa tras el conflicto en Siria, sin olvidar Ucrania y otros.<\/p>\n<p>No podemos aceptar como inevitables las tragedias humanas que viven los refugiados ni las muertes de personas que se ahogan en el Mediterr\u00e1neo o se asfixian encerrados en un cami\u00f3n buscando estar a salvo y un futuro mejor para sus familias.<\/p>\n<p>Son necesarias medidas nacionales, europeas e internacionales, medias a corto, medio y largo plazo, planes y perspectivas nuevas para un problema que se ha manifestado como nunca lo hab\u00eda hecho, pero estamos en un momento de emergencia.<\/p>\n<p>Los grupos municipales del Pspv-Psoe y Plataforma-GuanyemSAB-Comprom\u00eds decidimos plantear conjuntamente la declaraci\u00f3n de Municipio de acogida. Y aun siendo conscientes de las limitaciones de nuestro peque\u00f1o pueblo, solicitamos que el ayuntamiento encauce la solidaridad vecinal hacia las administraciones m\u00e1s capaces y activas y coordine una red ciudadana de ayuda y apoyo solidario. Pedimos al pleno que se una al llamamiento del Consell ante la situaci\u00f3n de emergencia en el sentido de ir m\u00e1s all\u00e1 de cuotas marcadas por la UE.<\/p>\n<p>El texto aprobado fue el siguiente:<\/p>\n<p>1.- Acordar nuestra adhesi\u00f3n a la declaraci\u00f3n del Consell de la Generalitat ante la situaci\u00f3n de emergencia de las personas asiladas y refugiadas en el seno de la Uni\u00f3n Europea que manifiesta.<\/p>\n<p>2. Por todo ello, el Ayuntamiento de San Antonio de Benag\u00e9ber manifiesta su compromiso para formar parte de la red de ciudades valencianas de acogida de personas refugiadas y solicitantes de asilo con la creaci\u00f3n en el municipio de un registro de familias acogedoras en colaboraci\u00f3n con la Conselleria de Bienestar Social, la Diputaci\u00f3n Provincial y la Federaci\u00f3n Valenciana de Municipios y Provincias.<\/p>\n<p>3.- Dar difusi\u00f3n, informaci\u00f3n y apoyo desde el ayuntamiento para poder recoger y dirigir la solidaridad de vecinos y vecinas de nuestro pueblo hacia los cauces establecidos por las administraciones.<\/p>\n","protected":false},"excerpt":{"rendered":"<div class=\"mh-excerpt\">Los portavoces de ambas formaciones, Marta Retamosa (Pspv-Psoe) y Ram\u00f3n Orozco (Plataforma-GuanyemSAB-Comprom\u00eds) han recogido la inquietud de la ciudadan\u00eda de San Antonio de Benag\u00e9ber que ha mostrado, desde siempre, y por distintas v\u00edas, su solidaridad <a class=\"mh-excerpt-more\" href=\"https:\/\/www.tucomarca.com\/wordpress\/segunda\/san-antonio-de-benageber-se-convierte-en-municipio-de-acogida\/\" title=\"San Antonio de Benag\u00e9ber se convierte en Municipio de Acogida\">[+] <\/a><\/div>\n","protected":false},"author":2,"featured_media":0,"comment_status":"open","ping_status":"open","sticky":false,"template":"","format":"standard","meta":{"footnotes":""},"categories":[46,8,142,183,3],"tags":[6231,2026,2476],"class_list":{"0":"post-40233","1":"post","2":"type-post","3":"status-publish","4":"format-standard","6":"category-camp-de-turia","7":"category-la-comarca","8":"category-politica-la-comarca","9":"category-san-antonio-de-benageber","10":"category-seccion","11":"tag-acogida","12":"tag-municipio","13":"tag-san-antonio-benageber"},"_links":{"self":[{"href":"https:\/\/www.tucomarca.com\/wordpress\/segunda\/wp-json\/wp\/v2\/posts\/40233","targetHints":{"allow":["GET"]}}],"collection":[{"href":"https:\/\/www.tucomarca.com\/wordpress\/segunda\/wp-json\/wp\/v2\/posts"}],"about":[{"href":"https:\/\/www.tucomarca.com\/wordpress\/segunda\/wp-json\/wp\/v2\/types\/post"}],"author":[{"embeddable":true,"href":"https:\/\/www.tucomarca.com\/wordpress\/segunda\/wp-json\/wp\/v2\/users\/2"}],"replies":[{"embeddable":true,"href":"https:\/\/www.tucomarca.com\/wordpress\/segunda\/wp-json\/wp\/v2\/comments?post=40233"}],"version-history":[{"count":0,"href":"https:\/\/www.tucomarca.com\/wordpress\/segunda\/wp-json\/wp\/v2\/posts\/40233\/revisions"}],"wp:attachment":[{"href":"https:\/\/www.tucomarca.com\/wordpress\/segunda\/wp-json\/wp\/v2\/media?parent=40233"}],"wp:term":[{"taxonomy":"category","embeddable":true,"href":"https:\/\/www.tucomarca.com\/wordpress\/segunda\/wp-json\/wp\/v2\/categories?post=40233"},{"taxonomy":"post_tag","embeddable":true,"href":"https:\/\/www.tucomarca.com\/wordpress\/segunda\/wp-json\/wp\/v2\/tags?post=40233"}],"curies":[{"name":"wp","href":"https:\/\/api.w.org\/{rel}","templated":true}]}}