{"id":40239,"date":"2015-09-29T15:51:20","date_gmt":"2015-09-29T12:51:20","guid":{"rendered":"http:\/\/www.tucomarca.com\/wordpress\/segunda\/?p=40239"},"modified":"2015-09-29T15:51:20","modified_gmt":"2015-09-29T12:51:20","slug":"el-pp-de-requena-acusa-al-alcalde-de-provocar-el-caos-en-el-futbol-requenense","status":"publish","type":"post","link":"https:\/\/www.tucomarca.com\/wordpress\/segunda\/el-pp-de-requena-acusa-al-alcalde-de-provocar-el-caos-en-el-futbol-requenense\/","title":{"rendered":"El PP de Requena acusa al alcalde de provocar \u00abel caos en el f\u00fatbol requenense\u00bb"},"content":{"rendered":"<p>Comunicado del PP de Requena:<br \/>\n\u00abUna vez m\u00e1s, y ya van siendo demasiadas, el actual equipo de gobierno socialista de Requena con Mario S\u00e1nchez al frente ha vuelto ha demostrar su dejadez y poca capacidad de trabajo. En esta ocasi\u00f3n le ha tocado al deporte requenense sufrir las consecuencias.<br \/>\n\tMario S\u00e1nchez ha sido incapaz en los m\u00e1s de tres meses que lleva al frente del gobierno municipal de licitar a tiempo las Escuelas Municipales Deportivas de Requena, provocando una gran confusi\u00f3n entre los cientos de requenenses que a\u00f1o tras a\u00f1o son usuarios de las mismas y que a dos semanas del inicio de curso no ten\u00edan m\u00e1s informaci\u00f3n que un escueto comunicado del Ayuntamiento de Requena en el que se hac\u00eda referencia a que en cuanto concluyera el proceso de licitaci\u00f3n se informar\u00eda de las fechas de inscripci\u00f3n.<br \/>\n\tPero este retraso en la licitaci\u00f3n de la Escuelas Deportivas Municipales ha afectado de manera todav\u00eda m\u00e1s grave al f\u00fatbol requenense. Desde el Partido Popular lamentamos la actitud del actual alcalde socialista de Requena, Mario S\u00e1nchez, que est\u00e1 causando una situaci\u00f3n de caos sin precedentes en el deporte de nuestro municipio, impidiendo el uso de instalaciones deportivas municipales  a clubes de Requena, como as\u00ed ha sido denunciado por estos clubes en diversos medios de comunicaci\u00f3n. Es lamentable que este abuso de poder del Partido Socialista de Requena  ponga en peligro la continuidad del S.C. Requena por la dimisi\u00f3n de su junta directiva. Si esto ocurre, Mario S\u00e1nchez pasar\u00e1 a la historia con el dudoso honor de haber sido al alcalde que ha llevado a la desaparici\u00f3n de este club tras 88 a\u00f1os de historia.<br \/>\n\tSr. S\u00e1nchez, si\u00e9ntese a dialogar con los clubes y acabe con este caos en el que ha sumido al f\u00fatbol requenense. Parece que ha olvidado que est\u00e1 gobernando en minor\u00eda y que se debe a todos los ciudadanos y ciudadanas de Requena, no s\u00f3lo a sus votantes, por lo que demuestre menos prepotencia y escuche m\u00e1s a los vecinos y vecinas de Requena\u00bb.<\/p>\n","protected":false},"excerpt":{"rendered":"<div class=\"mh-excerpt\">Comunicado del PP de Requena: \u00abUna vez m\u00e1s, y ya van siendo demasiadas, el actual equipo de gobierno socialista de Requena con Mario S\u00e1nchez al frente ha vuelto ha demostrar su dejadez y poca capacidad <a class=\"mh-excerpt-more\" href=\"https:\/\/www.tucomarca.com\/wordpress\/segunda\/el-pp-de-requena-acusa-al-alcalde-de-provocar-el-caos-en-el-futbol-requenense\/\" title=\"El PP de Requena acusa al alcalde de provocar \u00abel caos en el f\u00fatbol requenense\u00bb\">[+] <\/a><\/div>\n","protected":false},"author":2,"featured_media":0,"comment_status":"open","ping_status":"open","sticky":false,"template":"","format":"standard","meta":{"footnotes":""},"categories":[8,142,28,27,3],"tags":[3657,968,8911,8912,63,10388],"class_list":{"0":"post-40239","1":"post","2":"type-post","3":"status-publish","4":"format-standard","6":"category-la-comarca","7":"category-politica-la-comarca","8":"category-requena","9":"category-requena-utiel","10":"category-seccion","11":"tag-acusa","12":"tag-alcalde","13":"tag-caos","14":"tag-futbol-requenense","15":"tag-pp","16":"tag-requena"},"_links":{"self":[{"href":"https:\/\/www.tucomarca.com\/wordpress\/segunda\/wp-json\/wp\/v2\/posts\/40239","targetHints":{"allow":["GET"]}}],"collection":[{"href":"https:\/\/www.tucomarca.com\/wordpress\/segunda\/wp-json\/wp\/v2\/posts"}],"about":[{"href":"https:\/\/www.tucomarca.com\/wordpress\/segunda\/wp-json\/wp\/v2\/types\/post"}],"author":[{"embeddable":true,"href":"https:\/\/www.tucomarca.com\/wordpress\/segunda\/wp-json\/wp\/v2\/users\/2"}],"replies":[{"embeddable":true,"href":"https:\/\/www.tucomarca.com\/wordpress\/segunda\/wp-json\/wp\/v2\/comments?post=40239"}],"version-history":[{"count":0,"href":"https:\/\/www.tucomarca.com\/wordpress\/segunda\/wp-json\/wp\/v2\/posts\/40239\/revisions"}],"wp:attachment":[{"href":"https:\/\/www.tucomarca.com\/wordpress\/segunda\/wp-json\/wp\/v2\/media?parent=40239"}],"wp:term":[{"taxonomy":"category","embeddable":true,"href":"https:\/\/www.tucomarca.com\/wordpress\/segunda\/wp-json\/wp\/v2\/categories?post=40239"},{"taxonomy":"post_tag","embeddable":true,"href":"https:\/\/www.tucomarca.com\/wordpress\/segunda\/wp-json\/wp\/v2\/tags?post=40239"}],"curies":[{"name":"wp","href":"https:\/\/api.w.org\/{rel}","templated":true}]}}