{"id":40241,"date":"2015-09-29T15:53:24","date_gmt":"2015-09-29T12:53:24","guid":{"rendered":"http:\/\/www.tucomarca.com\/wordpress\/segunda\/?p=40241"},"modified":"2015-09-29T15:53:24","modified_gmt":"2015-09-29T12:53:24","slug":"el-gobierno-responde-que-la-ley-no-es-%e2%80%9climitativa-ni-excluyente%e2%80%9d-en-la-interpretacion-del-himno-de-espana-en-actos-religiosos","status":"publish","type":"post","link":"https:\/\/www.tucomarca.com\/wordpress\/segunda\/el-gobierno-responde-que-la-ley-no-es-%e2%80%9climitativa-ni-excluyente%e2%80%9d-en-la-interpretacion-del-himno-de-espana-en-actos-religiosos\/","title":{"rendered":"El Gobierno responde que la ley no es \u201climitativa ni excluyente\u201d en la interpretaci\u00f3n del Himno de Espa\u00f1a en actos religiosos"},"content":{"rendered":"<p>El Real Decreto 1560\/ 1997 \u201cno contiene una prohibici\u00f3n positiva de actos en los que no pueda interpretarse el himno nacional de Espa\u00f1a\u201d. La ley expone que el himno ser\u00e1 interpretado en actos en los que asistan miembros de la Casa Real, presidente del Gobierno, homenaje a la bandera, deportivos, con representaci\u00f3n oficial de Espa\u00f1a y en los previstos en el Reglamento de Honores Militares<\/p>\n<p>La FSMCV informar\u00e1 a las 547 sociedades musicales que agrupa (el 50% de Espa\u00f1a), con 40.000 m\u00fasicos, 60.000 alumnos y m\u00e1s de 200.000 socios, y pide responsabilidad a las entidades contratantes <\/p>\n<p>El Himno de Espa\u00f1a ser\u00e1 interpretado \u201ccuando proceda\u201d y \u201csiempre que la naturaleza del acto\u201d lo requiera \u201cde acuerdo con la costumbre y usos protocolarios habituales, sin efectuar concreci\u00f3n alguna\u201d<\/p>\n<p>La FSMCV hizo la consulta ante la pol\u00e9mica suscitada que afecta a sociedades musicales y agrupaciones en multitud de actos en Espa\u00f1a.<\/p>\n","protected":false},"excerpt":{"rendered":"<div class=\"mh-excerpt\">El Real Decreto 1560\/ 1997 \u201cno contiene una prohibici\u00f3n positiva de actos en los que no pueda interpretarse el himno nacional de Espa\u00f1a\u201d. La ley expone que el himno ser\u00e1 interpretado en actos en los <a class=\"mh-excerpt-more\" href=\"https:\/\/www.tucomarca.com\/wordpress\/segunda\/el-gobierno-responde-que-la-ley-no-es-%e2%80%9climitativa-ni-excluyente%e2%80%9d-en-la-interpretacion-del-himno-de-espana-en-actos-religiosos\/\" title=\"El Gobierno responde que la ley no es \u201climitativa ni excluyente\u201d en la interpretaci\u00f3n del Himno de Espa\u00f1a en actos religiosos\">[+] <\/a><\/div>\n","protected":false},"author":2,"featured_media":0,"comment_status":"open","ping_status":"open","sticky":false,"template":"","format":"standard","meta":{"footnotes":""},"categories":[66,8,72,10,3],"tags":[220,1620,8913,1895],"class_list":{"0":"post-40241","1":"post","2":"type-post","3":"status-publish","4":"format-standard","6":"category-musica","7":"category-la-comarca","8":"category-sin-categorizar","9":"category-la-hoya","10":"category-seccion","11":"tag-fsmcv","12":"tag-gobierno","13":"tag-himno-de-espana","14":"tag-respuesta"},"_links":{"self":[{"href":"https:\/\/www.tucomarca.com\/wordpress\/segunda\/wp-json\/wp\/v2\/posts\/40241","targetHints":{"allow":["GET"]}}],"collection":[{"href":"https:\/\/www.tucomarca.com\/wordpress\/segunda\/wp-json\/wp\/v2\/posts"}],"about":[{"href":"https:\/\/www.tucomarca.com\/wordpress\/segunda\/wp-json\/wp\/v2\/types\/post"}],"author":[{"embeddable":true,"href":"https:\/\/www.tucomarca.com\/wordpress\/segunda\/wp-json\/wp\/v2\/users\/2"}],"replies":[{"embeddable":true,"href":"https:\/\/www.tucomarca.com\/wordpress\/segunda\/wp-json\/wp\/v2\/comments?post=40241"}],"version-history":[{"count":0,"href":"https:\/\/www.tucomarca.com\/wordpress\/segunda\/wp-json\/wp\/v2\/posts\/40241\/revisions"}],"wp:attachment":[{"href":"https:\/\/www.tucomarca.com\/wordpress\/segunda\/wp-json\/wp\/v2\/media?parent=40241"}],"wp:term":[{"taxonomy":"category","embeddable":true,"href":"https:\/\/www.tucomarca.com\/wordpress\/segunda\/wp-json\/wp\/v2\/categories?post=40241"},{"taxonomy":"post_tag","embeddable":true,"href":"https:\/\/www.tucomarca.com\/wordpress\/segunda\/wp-json\/wp\/v2\/tags?post=40241"}],"curies":[{"name":"wp","href":"https:\/\/api.w.org\/{rel}","templated":true}]}}